{"id":10300,"date":"2014-05-09T16:00:41","date_gmt":"2014-05-09T19:00:41","guid":{"rendered":"http:\/\/www.creapb.org.br\/?p=10300"},"modified":"2014-05-09T16:00:41","modified_gmt":"2014-05-09T19:00:41","slug":"em-goiania-presidentes-de-creas-participam-da-3a-reuniao-extraordinaria-do-sistema","status":"publish","type":"post","link":"https:\/\/creapb.org.br\/site\/em-goiania-presidentes-de-creas-participam-da-3a-reuniao-extraordinaria-do-sistema\/","title":{"rendered":"EM GOI\u00c2NIA, PRESIDENTES DE CREAS PARTICIPAM DA  3\u00aa REUNI\u00c3O EXTRAORDIN\u00c1RIA DO SISTEMA"},"content":{"rendered":"<p style=\"text-align: left;\" align=\"center\">Teve in\u00edcio na tarde do dia 07, no plen\u00e1rio do Crea-GO, em Goi\u00e2nia-GO, a 3\u00ba Reuni\u00e3o Ordin\u00e1ria do Col\u00e9gio de Presidentes do Sistema Confea\/Crea e M\u00fatua. Na ocasi\u00e3o, a mesa diretiva foi composta pelo anfitri\u00e3o do evento e presidente do Regional goiano, Eng. Civ. Gerson Taguatinga; pelo presidente do Confea, Eng. Civ. Jos\u00e9 Tadeu da Silva; pelo coordenador do Col\u00e9gio de Presidentes, Eng. Civ. Jorge Roberto Silveira (Crea-SE); pelo coordenador-adjunto do col\u00e9gio de presidentes, Eng. Civ. Telamon Barbosa Firmino Neto (Crea-AM); pelo representante do presidente da M\u00fatua e diretor de benef\u00edcios, Eng. Agr. Ricardo Veiga; pelo representante do governador do Estado de Goi\u00e1s, Marconi Perillo, o secret\u00e1rio Jo\u00e3o Balestra do Carmo Filho, e pelo conselheiro federal por Goi\u00e1s, Eng. Mec. Paulo Roberto Lucas Viana.<\/p>\n<p style=\"text-align: left;\" align=\"center\"><a href=\"http:\/\/www.creapb.org.br\/noticias\/em-goiania-presidentes-de-creas-participam-da-3a-reuniao-extraordinaria-do-sistema\/attachment\/foto-5-colegio\/\" rel=\"attachment wp-att-10302\"><img fetchpriority=\"high\" decoding=\"async\" class=\"aligncenter size-large wp-image-10302\" title=\"foto 5 colegio\" src=\"http:\/\/www.creapb.org.br\/creapb-admin\/wp-content\/uploads\/2014\/05\/foto-5-colegio-1024x683.jpg\" alt=\"\" width=\"640\" height=\"426\" \/><\/a><\/p>\n<p>Ap\u00f3s os agradecimentos do presidente Gerson Taguatinga, que desejou as boas-vindas a todos e lembrou \u00e0 necessidade do cumprimento de uma extensa pauta de discuss\u00f5es nacionais, a abertura oficial do evento foi realizada pelo coordenador do CP, Eng. Civ. Jorge Roberto Silveira. \u201cReunimo-nos cerca de seis vezes por ano para uniformizar os procedimentos, a fim de trabalhar como um sistema \u00fanico, e n\u00e3o de forma isolada. Est\u00e1 aqui tamb\u00e9m a import\u00e2ncia das decis\u00f5es pol\u00edticas e institucionais, cuja relev\u00e2ncia abrange pontualmente cada Crea. Levar reuni\u00f5es desse porte a cada estado \u00e9 essencial, uma vez que, dessa forma,\u00a0 todos n\u00f3s, presidentes, podemos conhecer a realidade de outras regi\u00f5es\u201d, frisou.<br \/>\nO presidente do Confea, Eng. Civ, Jos\u00e9 Tadeu da Silva, tamb\u00e9m agradeceu a presen\u00e7a dos gestores em Goi\u00e2nia e fez as suas considera\u00e7\u00f5es iniciais. \u201cTemos assuntos importantes que precisam ser dialogados com todos. \u00c9 nossa fun\u00e7\u00e3o, como profissionais da engenharia e da agronomia, buscar as solu\u00e7\u00f5es mais adequadas para os problemas que surgem \u2013 tanto os da sociedade, quanto aqueles pertinentes ao pa\u00eds e \u00e0 nossa categoria profissional\u201d.<\/p>\n<p><a href=\"http:\/\/www.creapb.org.br\/noticias\/em-goiania-presidentes-de-creas-participam-da-3a-reuniao-extraordinaria-do-sistema\/attachment\/cp-secretario-de-agricultura\/\" rel=\"attachment wp-att-10303\"><img decoding=\"async\" class=\"aligncenter size-large wp-image-10303\" title=\"CP - SECRETARIO DE AGRICULTURA\" src=\"http:\/\/www.creapb.org.br\/creapb-admin\/wp-content\/uploads\/2014\/05\/CP-SECRETARIO-DE-AGRICULTURA-1024x683.jpg\" alt=\"\" width=\"640\" height=\"426\" \/><\/a><\/p>\n<p>Em nome do governador Marconi Perillo, o secret\u00e1rio Jo\u00e3o Balestra lembrou o momento de incertezas que o pa\u00eds vive e a incapacidade do poder p\u00fablico de fazer frente \u00e0 demanda por mais investimentos em infraestrutura. \u201cEstamos diante de graves casos, em que a falta de investimentos vem somada a interven\u00e7\u00f5es pol\u00edticas inadequadas, como \u00e9 o caso do setor energ\u00e9tico\u201d. Ele citou ainda a mobilidade urbana como pauta que precisa ser discutida junto aos Conselhos. \u201cTrata-se de um assunto que diz respeito a todos e que tem influ\u00eancia direta sobre a cadeia produtiva do pa\u00eds. No ano passado, o grande n\u00famero de manifesta\u00e7\u00f5es por causa da m\u00e1 qualidade do transporte obrigou o poder p\u00fablico a lan\u00e7ar m\u00e3o de alguns paliativos, mas estamos longe de uma solu\u00e7\u00e3o definitiva para o problema\u201d, considerou.<\/p>\n<p>Tamb\u00e9m no dia 07, foram realizados os informes pol\u00edticos institucionais do Confea, dos Creas e da M\u00fatua, al\u00e9m da aprecia\u00e7\u00e3o e aprova\u00e7\u00e3o da S\u00famula da 2\u00aa Reuni\u00e3o Ordin\u00e1ria do Col\u00e9gio de Presidentes, ocorrida em 14, 15 e 16 de abril, em Foz do Igua\u00e7u-PR.\u00a0\u00a0\u00a0\u00a0\u00a0\u00a0\u00a0 <strong><\/strong><\/p>\n<p>&nbsp;<\/p>\n<p><strong> Pontos de debate<\/strong><\/p>\n<p>Ao longo do primeiro dia de reuni\u00e3o, pontos considerados essenciais e divergentes foram colocados pelos presidentes dos regionais. Entre eles, estavam quest\u00f5es como a representa\u00e7\u00e3o dos t\u00e9cnicos no Plen\u00e1rio, a transposi\u00e7\u00e3o do Regime Celetista para o Regime Jur\u00eddico \u00danico dos servidores dos Conselhos de Classe Profissional, al\u00e9m da possibilidade de transforma\u00e7\u00e3o dos Conselhos em Ag\u00eancias Reguladoras, bem como as suas implica\u00e7\u00f5es sociais.<\/p>\n<p>Diante das discuss\u00f5es e da complexidade dos temas, a presidente do Crea-PB, Eng. Agr. Giuc\u00e9lia Figueiredo, chamou a aten\u00e7\u00e3o para a necessidade de orienta\u00e7\u00f5es unificadas. \u201cPrecisamos de um posicionamento e de orienta\u00e7\u00e3o nacional, de modo que ele seja adotado por todos os regionais\u201d. O presidente do Confea concordou com o exposto e salientou a necessidade de realiza\u00e7\u00e3o de uma reuni\u00e3o extraordin\u00e1ria para debater essas quest\u00f5es com exclusividade. \u201cS\u00e3o pautas extensas, que requerem muita de nossa aten\u00e7\u00e3o. E essas quest\u00f5es precisam ser exauridas. Infelizmente, nosso tempo no Col\u00e9gio de Presidentes n\u00e3o \u00e9 o suficiente para discutirmos tudo o que precisamos. Mas o Confea reconhece a necessidade dessa discuss\u00e3o. Sendo assim, proponho a realiza\u00e7\u00e3o de uma reuni\u00e3o extraordin\u00e1ria, o mais r\u00e1pido poss\u00edvel, apenas com este foco\u201d sugeriu, no que foi apoiado pelos demais presidentes. \u00a0\u00a0\u00a0\u00a0\u00a0\u00a0 <strong><\/strong><\/p>\n<p>Na contram\u00e3o da hist\u00f3ria<\/p>\n<p>A respeito da possibilidade de transforma\u00e7\u00e3o dos Conselhos em Ag\u00eancias Reguladoras, o Eng. Civ. Jos\u00e9 Tadeu da Silva fez quest\u00e3o de se manifestar sobre o que ele considerou como \u201cretrocesso\u201d, e cuja opini\u00e3o afirmou ser compartilhada pelos 29 presidentes de Conselhos Profissionais. \u201cOs Conselhos surgiram na d\u00e9cada de 1930, no Governo Vargas. Com essa cria\u00e7\u00e3o, o ent\u00e3o presidente fez a maior descentraliza\u00e7\u00e3o do pa\u00eds, em rela\u00e7\u00e3o \u00e0s profiss\u00f5es. Isso possibilitou que n\u00f3s mesmos, os profissionais, regulament\u00e1ssemos nossas atividades, coordenando a fiscaliza\u00e7\u00e3o \u2013 garantia que est\u00e1 na Constitui\u00e7\u00e3o. Agora, imaginem esses Conselhos transformados em Ag\u00eancias Reguladoras. \u00c9 uma forma de centraliza\u00e7\u00e3o, que vai na contram\u00e3o da hist\u00f3ria\u201d, afirmou.<\/p>\n<p>A 3\u00aa Reuni\u00e3o Ordin\u00e1ria do Col\u00e9gio de Presidentes continua ao longo dos dias 08 e 09 de maio, no plen\u00e1rio do Crea-GO, em Goi\u00e2nia. Toda a reuni\u00e3o est\u00e1 sendo transmitida no site da Web TV do Crea-GO \u2013 <a href=\"http:\/\/www.tvcreago.com.br\/\">www.tvcreago.com.br<\/a> .<\/p>\n<p>&nbsp;<\/p>\n<p>Texto: Assessoria de Imprensa do Crea-GO \u2013 Paula Nogueira<\/p>\n<p>Fotos: S\u00edlvio Sim\u00f5es <strong><\/strong><\/p>\n<p>&nbsp;<\/p>\n","protected":false},"excerpt":{"rendered":"<p>Teve in\u00edcio na tarde do dia 07, no plen\u00e1rio do Crea-GO, em Goi\u00e2nia-GO, a 3\u00ba Reuni\u00e3o Ordin\u00e1ria do Col\u00e9gio de Presidentes do Sistema Confea\/Crea e M\u00fatua. Na ocasi\u00e3o, a mesa diretiva foi composta pelo anfitri\u00e3o do evento e presidente do Regional goiano, Eng. Civ. Gerson Taguatinga; pelo presidente do Confea, Eng. Civ. Jos\u00e9 Tadeu da Silva; pelo coordenador do Col\u00e9gio de Presidentes, Eng. Civ. Jorge Roberto Silveira (Crea-SE); pelo coordenador-adjunto do col\u00e9gio de presidentes, Eng. Civ. Telamon Barbosa Firmino Neto (Crea-AM); pelo representante do presidente da M\u00fatua e diretor de benef\u00edcios, Eng. Agr. Ricardo Veiga; pelo representante do governador do [&hellip;]<\/p>\n","protected":false},"author":2,"featured_media":0,"comment_status":"closed","ping_status":"closed","sticky":false,"template":"","format":"standard","meta":{"_acf_changed":false,"footnotes":""},"categories":[9],"tags":[],"class_list":["post-10300","post","type-post","status-publish","format-standard","hentry","category-noticias"],"acf":[],"_links":{"self":[{"href":"https:\/\/creapb.org.br\/site\/wp-json\/wp\/v2\/posts\/10300","targetHints":{"allow":["GET"]}}],"collection":[{"href":"https:\/\/creapb.org.br\/site\/wp-json\/wp\/v2\/posts"}],"about":[{"href":"https:\/\/creapb.org.br\/site\/wp-json\/wp\/v2\/types\/post"}],"author":[{"embeddable":true,"href":"https:\/\/creapb.org.br\/site\/wp-json\/wp\/v2\/users\/2"}],"replies":[{"embeddable":true,"href":"https:\/\/creapb.org.br\/site\/wp-json\/wp\/v2\/comments?post=10300"}],"version-history":[{"count":0,"href":"https:\/\/creapb.org.br\/site\/wp-json\/wp\/v2\/posts\/10300\/revisions"}],"wp:attachment":[{"href":"https:\/\/creapb.org.br\/site\/wp-json\/wp\/v2\/media?parent=10300"}],"wp:term":[{"taxonomy":"category","embeddable":true,"href":"https:\/\/creapb.org.br\/site\/wp-json\/wp\/v2\/categories?post=10300"},{"taxonomy":"post_tag","embeddable":true,"href":"https:\/\/creapb.org.br\/site\/wp-json\/wp\/v2\/tags?post=10300"}],"curies":[{"name":"wp","href":"https:\/\/api.w.org\/{rel}","templated":true}]}}