{"id":10477,"date":"2014-07-04T11:15:47","date_gmt":"2014-07-04T14:15:47","guid":{"rendered":"http:\/\/www.creapb.org.br\/?p=10477"},"modified":"2014-07-04T11:15:47","modified_gmt":"2014-07-04T14:15:47","slug":"crea-pb-e-mutua-celebram-convenio-para-71a-soea","status":"publish","type":"post","link":"https:\/\/creapb.org.br\/site\/crea-pb-e-mutua-celebram-convenio-para-71a-soea\/","title":{"rendered":"CREA-PB e M\u00daTUA celebram conv\u00eanio para 71\u00aa SOEA"},"content":{"rendered":"<p>&nbsp;<\/p>\n<p><a href=\"http:\/\/www.creapb.org.br\/?attachment_id=10479\" rel=\"attachment wp-att-10479\"><img fetchpriority=\"high\" decoding=\"async\" class=\"aligncenter size-large wp-image-10479\" title=\"logomarca71_soea2\" src=\"http:\/\/www.creapb.org.br\/creapb-admin\/wp-content\/uploads\/2014\/06\/logomarca71_soea2-1024x504.png\" alt=\"\" width=\"640\" height=\"315\" \/><\/a><\/p>\n<p>&nbsp;<\/p>\n<p>O CREA-PB e M\u00daTUA assinaram conv\u00eanio\u00a0entre si, para\u00a0apoio \u00e0 71\u00aa\u00a0Semana Oficial da\u00a0Engenharia\u00a0e da Agronomia (SOEA), o maior evento do Sistema\u00a0Confea\/Crea e M\u00fatua, que, nesta edi\u00e7\u00e3o, ser\u00e1 realizada de 12 a 15 de agosto, em Teresina (PI). O documento foi assinado\u00a0pelos diretores da M\u00fatua, engenheiro agr\u00f4nomo Cl\u00e1udio Calheiros (diretor-presidente), t\u00e9cnico em Edifica\u00e7\u00f5es\u00a0Lino Gilberto da Silva (diretor financeiro) e\u00a0engenheiro agr\u00f4nomo Luiz Alberto Freitas Pereira (diretor administrativo),\u00a0e pela presidente do Crea-PB, engenheira agr\u00f4noma, Giuc\u00e9lia Figueiredo.\u00a0Pelo conv\u00eanio, a M\u00fatua repassar\u00e1 recursos ao Crea-PB para despesas com a\u00a0organiza\u00e7\u00e3o do evento\u00a0e, em contrapartida, o Conselho realizar\u00e1 a\u00e7\u00f5es de divulga\u00e7\u00e3o da M\u00fatua durante a SOEA.<\/p>\n","protected":false},"excerpt":{"rendered":"<p>&nbsp; &nbsp; O CREA-PB e M\u00daTUA assinaram conv\u00eanio\u00a0entre si, para\u00a0apoio \u00e0 71\u00aa\u00a0Semana Oficial da\u00a0Engenharia\u00a0e da Agronomia (SOEA), o maior evento do Sistema\u00a0Confea\/Crea e M\u00fatua, que, nesta edi\u00e7\u00e3o, ser\u00e1 realizada de 12 a 15 de agosto, em Teresina (PI). O documento foi assinado\u00a0pelos diretores da M\u00fatua, engenheiro agr\u00f4nomo Cl\u00e1udio Calheiros (diretor-presidente), t\u00e9cnico em Edifica\u00e7\u00f5es\u00a0Lino Gilberto da Silva (diretor financeiro) e\u00a0engenheiro agr\u00f4nomo Luiz Alberto Freitas Pereira (diretor administrativo),\u00a0e pela presidente do Crea-PB, engenheira agr\u00f4noma, Giuc\u00e9lia Figueiredo.\u00a0Pelo conv\u00eanio, a M\u00fatua repassar\u00e1 recursos ao Crea-PB para despesas com a\u00a0organiza\u00e7\u00e3o do evento\u00a0e, em contrapartida, o Conselho realizar\u00e1 a\u00e7\u00f5es de divulga\u00e7\u00e3o da M\u00fatua durante a SOEA.<\/p>\n","protected":false},"author":2,"featured_media":0,"comment_status":"closed","ping_status":"closed","sticky":false,"template":"","format":"standard","meta":{"_acf_changed":false,"footnotes":""},"categories":[9],"tags":[],"class_list":["post-10477","post","type-post","status-publish","format-standard","hentry","category-noticias"],"acf":[],"_links":{"self":[{"href":"https:\/\/creapb.org.br\/site\/wp-json\/wp\/v2\/posts\/10477","targetHints":{"allow":["GET"]}}],"collection":[{"href":"https:\/\/creapb.org.br\/site\/wp-json\/wp\/v2\/posts"}],"about":[{"href":"https:\/\/creapb.org.br\/site\/wp-json\/wp\/v2\/types\/post"}],"author":[{"embeddable":true,"href":"https:\/\/creapb.org.br\/site\/wp-json\/wp\/v2\/users\/2"}],"replies":[{"embeddable":true,"href":"https:\/\/creapb.org.br\/site\/wp-json\/wp\/v2\/comments?post=10477"}],"version-history":[{"count":0,"href":"https:\/\/creapb.org.br\/site\/wp-json\/wp\/v2\/posts\/10477\/revisions"}],"wp:attachment":[{"href":"https:\/\/creapb.org.br\/site\/wp-json\/wp\/v2\/media?parent=10477"}],"wp:term":[{"taxonomy":"category","embeddable":true,"href":"https:\/\/creapb.org.br\/site\/wp-json\/wp\/v2\/categories?post=10477"},{"taxonomy":"post_tag","embeddable":true,"href":"https:\/\/creapb.org.br\/site\/wp-json\/wp\/v2\/tags?post=10477"}],"curies":[{"name":"wp","href":"https:\/\/api.w.org\/{rel}","templated":true}]}}