{"id":10611,"date":"2014-08-08T16:56:31","date_gmt":"2014-08-08T19:56:31","guid":{"rendered":"http:\/\/www.creapb.org.br\/?p=10611"},"modified":"2014-08-08T16:56:31","modified_gmt":"2014-08-08T19:56:31","slug":"paraibanos-se-destacam-em-participacao-no-contecc-e-71a-soea","status":"publish","type":"post","link":"https:\/\/creapb.org.br\/site\/paraibanos-se-destacam-em-participacao-no-contecc-e-71a-soea\/","title":{"rendered":"Paraibanos se destacam em participa\u00e7\u00e3o no CONTECC e 71\u00aa SOEA"},"content":{"rendered":"<p>&nbsp;<\/p>\n<figure id=\"attachment_10612\" aria-describedby=\"caption-attachment-10612\" style=\"width: 672px\" class=\"wp-caption aligncenter\"><a href=\"http:\/\/www.creapb.org.br\/noticia-destaque\/paraibanos-se-destacam-em-participacao-no-contecc-e-71a-soea\/attachment\/70-soea-2\/\" rel=\"attachment wp-att-10612\"><img fetchpriority=\"high\" decoding=\"async\" class=\" wp-image-10612\" title=\"70 soea\" src=\"http:\/\/www.creapb.org.br\/creapb-admin\/wp-content\/uploads\/2014\/08\/70-soea.jpg\" alt=\"\" width=\"672\" height=\"504\" \/><\/a><figcaption id=\"caption-attachment-10612\" class=\"wp-caption-text\">Delega\u00e7\u00e3o do CREA-PB na 70\u00aa SOEA<\/figcaption><\/figure>\n<p>Acontecer\u00e1 nos dias 12 a 15 deste m\u00eas, em Teresina (PI), a 71\u00aa edi\u00e7\u00e3o da Semana\u00a0Oficial da\u00a0Engenharia e da Agronomia (Soea), evento que re\u00fane anualmente engenheiros, agr\u00f4nomos, meteorologistas, ge\u00f3logos, ge\u00f3grafos, t\u00e9cnicos e tecn\u00f3logos\u00a0de todo o Brasil para debater\u00a0temas diretamente ligados ao desenvolvimento e \u00e0 infraestrutura brasileira. S\u00f3 da Para\u00edba dever\u00e3o participar 270 pessoas, entre estudantes e profissionais, enquanto a comitiva do Conselho Regional de Engenharia e Agronomia da Para\u00edba (Crea-PB) contar\u00e1 com 71 representantes do estado.<\/p>\n<p>A programa\u00e7\u00e3o da Soea traz, al\u00e9m de palestras, pain\u00e9is e debates, a primeira edi\u00e7\u00e3o do Congresso T\u00e9cnico e Cient\u00edfico da Engenharia e da Agronomia (Contecc), que surge como mais um instrumento de discuss\u00e3o em torno da engenharia. A proposta \u00e9, mais uma vez, trazer \u00e0 tona assuntos que envolvem o\u00a0exerc\u00edcio profissional\u00a0e trazer\u00a0novas solu\u00e7\u00f5es\u00a0tecnol\u00f3gicas para este campo de atua\u00e7\u00e3o.<\/p>\n<p>\u201cA grande maioria dos trabalhos aprovados \u00e9 oriunda das universidades, mas o Crea-PB est\u00e1 representado no congresso atrav\u00e9s do trabalho de autoria da engenheira civil, arquiteta e advogada Carmem Eleon\u00f4ra Amorim Soares, que se intitula \u2018Certifica\u00e7\u00e3o Profissional: Inser\u00e7\u00e3o de novas compet\u00eancias para o Sistema Confea\/Crea e Entidades Profissionais\u2019\u201d, ressaltou a presidente do Crea-PB, Giuc\u00e9lia Figueiredo. A Para\u00edba participar\u00e1 do congresso com 190 trabalhos inscritos, \u00e0 frente inclusive do estado anfitri\u00e3o, o Piau\u00ed, com 68. Quase 600 trabalhos, entre cient\u00edficos e t\u00e9cnicos, ser\u00e3o apresentados.<\/p>\n<p>Promovida pelo Conselho Federal de Engenharia e Agronomia (Confea), a Soea\u00a0conta com\u00a0a participa\u00e7\u00e3o de todos os Creas do pa\u00eds, al\u00e9m de entidades de classe, profissionais e estudantes da \u00e1rea tecnol\u00f3gica. A expectativa para esta edi\u00e7\u00e3o, que traz como tema \u201cInova\u00e7\u00e3o tecnol\u00f3gica\u00a0para o desenvolvimento nacional\u201d, \u00e9 de um p\u00fablico de cerca de 1.400 pessoas.<\/p>\n<p>&nbsp;<\/p>\n<p>(Da Edificar)<\/p>\n","protected":false},"excerpt":{"rendered":"<p>&nbsp; Acontecer\u00e1 nos dias 12 a 15 deste m\u00eas, em Teresina (PI), a 71\u00aa edi\u00e7\u00e3o da Semana\u00a0Oficial da\u00a0Engenharia e da Agronomia (Soea), evento que re\u00fane anualmente engenheiros, agr\u00f4nomos, meteorologistas, ge\u00f3logos, ge\u00f3grafos, t\u00e9cnicos e tecn\u00f3logos\u00a0de todo o Brasil para debater\u00a0temas diretamente ligados ao desenvolvimento e \u00e0 infraestrutura brasileira. S\u00f3 da Para\u00edba dever\u00e3o participar 270 pessoas, entre estudantes e profissionais, enquanto a comitiva do Conselho Regional de Engenharia e Agronomia da Para\u00edba (Crea-PB) contar\u00e1 com 71 representantes do estado. A programa\u00e7\u00e3o da Soea traz, al\u00e9m de palestras, pain\u00e9is e debates, a primeira edi\u00e7\u00e3o do Congresso T\u00e9cnico e Cient\u00edfico da Engenharia e da [&hellip;]<\/p>\n","protected":false},"author":2,"featured_media":0,"comment_status":"closed","ping_status":"closed","sticky":false,"template":"","format":"standard","meta":{"_acf_changed":false,"footnotes":""},"categories":[9],"tags":[],"class_list":["post-10611","post","type-post","status-publish","format-standard","hentry","category-noticias"],"acf":[],"_links":{"self":[{"href":"https:\/\/creapb.org.br\/site\/wp-json\/wp\/v2\/posts\/10611","targetHints":{"allow":["GET"]}}],"collection":[{"href":"https:\/\/creapb.org.br\/site\/wp-json\/wp\/v2\/posts"}],"about":[{"href":"https:\/\/creapb.org.br\/site\/wp-json\/wp\/v2\/types\/post"}],"author":[{"embeddable":true,"href":"https:\/\/creapb.org.br\/site\/wp-json\/wp\/v2\/users\/2"}],"replies":[{"embeddable":true,"href":"https:\/\/creapb.org.br\/site\/wp-json\/wp\/v2\/comments?post=10611"}],"version-history":[{"count":0,"href":"https:\/\/creapb.org.br\/site\/wp-json\/wp\/v2\/posts\/10611\/revisions"}],"wp:attachment":[{"href":"https:\/\/creapb.org.br\/site\/wp-json\/wp\/v2\/media?parent=10611"}],"wp:term":[{"taxonomy":"category","embeddable":true,"href":"https:\/\/creapb.org.br\/site\/wp-json\/wp\/v2\/categories?post=10611"},{"taxonomy":"post_tag","embeddable":true,"href":"https:\/\/creapb.org.br\/site\/wp-json\/wp\/v2\/tags?post=10611"}],"curies":[{"name":"wp","href":"https:\/\/api.w.org\/{rel}","templated":true}]}}