{"id":10618,"date":"2014-08-11T08:21:35","date_gmt":"2014-08-11T11:21:35","guid":{"rendered":"http:\/\/www.creapb.org.br\/?p=10618"},"modified":"2014-08-11T08:21:35","modified_gmt":"2014-08-11T11:21:35","slug":"colegio-de-presidentes-do-sistema-confeacrea-reune-se-em-teresina-nesta-segunda-feira","status":"publish","type":"post","link":"https:\/\/creapb.org.br\/site\/colegio-de-presidentes-do-sistema-confeacrea-reune-se-em-teresina-nesta-segunda-feira\/","title":{"rendered":"Col\u00e9gio de Presidentes do Sistema Confea\/Crea re\u00fane-se em Teresina nesta segunda-feira"},"content":{"rendered":"<p>Os presidentes dos Conselhos Federal e Regionais de Engenharia e Agronomia estar\u00e3o reunidos nesta segunda-feira (11\/8) \u00e0s 14h, na Sala Multiuso do Centro de Conven\u00e7\u00f5es Atlantic City, durante a 2\u00aa reuni\u00e3o extraordin\u00e1ria do Col\u00e9gio de Presidentes de 2014.<\/p>\n<p>A reuni\u00e3o \u00e9 parte dos eventos precedentes \u00e0\u00a0<a href=\"http:\/\/www.soea.org.br\/\" target=\"_blank\">71\u00aa Semana Oficial da Engenharia e da Agronomia (Soea)<\/a>\u00a0que ser\u00e1 realizada de 12 a 15 de agosto em Teresina (PI) e que, neste ano, pela primeira vez, inclui eventos anteriores e posteriores \u00e0<a href=\"http:\/\/www.confea.org.br\/media\/71soea_programacaointegrada.pdf\" target=\"_blank\">programa\u00e7\u00e3o da Semana<\/a>. A Caixa de Assist\u00eancia dos Profissionais (M\u00fatua) tamb\u00e9m participa dos debates sobre inova\u00e7\u00e3o tecnol\u00f3gica e desenvolvimento para o Pa\u00eds.<\/p>\n<p>Temas como valores de anuidades e taxas para o exerc\u00edcio 2015, elei\u00e7\u00f5es 2014 do Sistema Confea\/Crea e a Resolu\u00e7\u00e3o 336 de outubro de 1989, que trata do registro de pessoas jur\u00eddicas, ser\u00e3o alguns dos assuntos discutidos na reuni\u00e3o do Col\u00e9gio de Presidentes.<\/p>\n<p>O Col\u00e9gio de Entidades Nacionais (Cden) tamb\u00e9m promove reuni\u00e3o nesta segunda, a partir das 8h.<\/p>\n<p>&nbsp;<\/p>\n<p>(Do CONFEA)<\/p>\n","protected":false},"excerpt":{"rendered":"<p>Os presidentes dos Conselhos Federal e Regionais de Engenharia e Agronomia estar\u00e3o reunidos nesta segunda-feira (11\/8) \u00e0s 14h, na Sala Multiuso do Centro de Conven\u00e7\u00f5es Atlantic City, durante a 2\u00aa reuni\u00e3o extraordin\u00e1ria do Col\u00e9gio de Presidentes de 2014. A reuni\u00e3o \u00e9 parte dos eventos precedentes \u00e0\u00a071\u00aa Semana Oficial da Engenharia e da Agronomia (Soea)\u00a0que ser\u00e1 realizada de 12 a 15 de agosto em Teresina (PI) e que, neste ano, pela primeira vez, inclui eventos anteriores e posteriores \u00e0programa\u00e7\u00e3o da Semana. A Caixa de Assist\u00eancia dos Profissionais (M\u00fatua) tamb\u00e9m participa dos debates sobre inova\u00e7\u00e3o tecnol\u00f3gica e desenvolvimento para o Pa\u00eds. Temas [&hellip;]<\/p>\n","protected":false},"author":2,"featured_media":0,"comment_status":"closed","ping_status":"closed","sticky":false,"template":"","format":"standard","meta":{"_acf_changed":false,"footnotes":""},"categories":[9],"tags":[],"class_list":["post-10618","post","type-post","status-publish","format-standard","hentry","category-noticias"],"acf":[],"_links":{"self":[{"href":"https:\/\/creapb.org.br\/site\/wp-json\/wp\/v2\/posts\/10618","targetHints":{"allow":["GET"]}}],"collection":[{"href":"https:\/\/creapb.org.br\/site\/wp-json\/wp\/v2\/posts"}],"about":[{"href":"https:\/\/creapb.org.br\/site\/wp-json\/wp\/v2\/types\/post"}],"author":[{"embeddable":true,"href":"https:\/\/creapb.org.br\/site\/wp-json\/wp\/v2\/users\/2"}],"replies":[{"embeddable":true,"href":"https:\/\/creapb.org.br\/site\/wp-json\/wp\/v2\/comments?post=10618"}],"version-history":[{"count":0,"href":"https:\/\/creapb.org.br\/site\/wp-json\/wp\/v2\/posts\/10618\/revisions"}],"wp:attachment":[{"href":"https:\/\/creapb.org.br\/site\/wp-json\/wp\/v2\/media?parent=10618"}],"wp:term":[{"taxonomy":"category","embeddable":true,"href":"https:\/\/creapb.org.br\/site\/wp-json\/wp\/v2\/categories?post=10618"},{"taxonomy":"post_tag","embeddable":true,"href":"https:\/\/creapb.org.br\/site\/wp-json\/wp\/v2\/tags?post=10618"}],"curies":[{"name":"wp","href":"https:\/\/api.w.org\/{rel}","templated":true}]}}