{"id":10621,"date":"2014-08-11T08:23:44","date_gmt":"2014-08-11T11:23:44","guid":{"rendered":"http:\/\/www.creapb.org.br\/?p=10621"},"modified":"2014-08-11T08:23:44","modified_gmt":"2014-08-11T11:23:44","slug":"71a-soea-no-piaui-mutua-apoia-participacao-dos-creas","status":"publish","type":"post","link":"https:\/\/creapb.org.br\/site\/71a-soea-no-piaui-mutua-apoia-participacao-dos-creas\/","title":{"rendered":"71\u00aa SOEA no Piau\u00ed: M\u00fatua apoia participa\u00e7\u00e3o dos Creas"},"content":{"rendered":"<p>Nos dias 12 a 15 de agosto \u00e9 realizada, pela primeira vez no Piau\u00ed, a Semana Oficial da Engenharia e da Agronomia (SOEA), em sua 71\u00aa edi\u00e7\u00e3o. Atrav\u00e9s de conv\u00eanios firmados entre a M\u00fatua e os Creas, profissionais de todos os Estado ter\u00e3o a oportunidade de participar desse, que \u00e9 o maior evento do Sistema Confea\/Crea e M\u00fatua. A SOEA \u00e9 o principal espa\u00e7o para debates e discuss\u00f5es referentes \u00e0s categorias profissionais abrangidas pelos Creas e, neste ano, a estimativa \u00e9 de que cerca de tr\u00eas mil pessoas, entre profissionais e estudantes, participem. O conv\u00eanio assinado com a M\u00fatua tem o objetivo de auxiliar a participa\u00e7\u00e3o da delega\u00e7\u00e3o do Crea-PB na SOEA.<\/p>\n<p>Al\u00e9m das palestras e pain\u00e9is, tamb\u00e9m \u00e9 realizada, paralelamente ao evento, a ExpoSOEA, feira da \u00e1rea tecnol\u00f3gica com estandes dos Creas, do Confea, de entidades do Sistema, de patrocinadores e apoiadores \u00a0e da M\u00fatua que, tradicionalmente, \u00e9 um dos destaques da exposi\u00e7\u00e3o.\u00a0A 71\u00aa SOEA ser\u00e1 realizada no Centro de Conven\u00e7\u00f5es Atlantic City, em Teresina (PI), com abertura solene programada para \u00e0s 17h30 do dia 12 de agosto pr\u00f3ximo.<\/p>\n<p>&nbsp;<\/p>\n<p><strong>Contecc<\/strong><\/p>\n<p>Para este ano, o Sistema Confea\/Crea e M\u00fatua ainda inova com a realiza\u00e7\u00e3o do Contecc \u2013 Congresso T\u00e9cnico Cient\u00edfico da Engenharia e da Agronomia, tamb\u00e9m durante a 71\u00aa SOEA, que ter\u00e1 a apresenta\u00e7\u00e3o de trabalhos e artigos ligados ao tema central da Semana:\u00a0&#8220;Inova\u00e7\u00e3o Tecnol\u00f3gica para o Desenvolvimento Nacional&#8221;.<\/p>\n<p>Al\u00e9m de renomados palestrantes nacionais e internacionais, tamb\u00e9m far\u00e1 parte do evento a esportista Ana Boscarioli, primeira mulher a chegar ao cume do mais alto ponto da Terra, o monte Everest, e o engenheiro aeron\u00e1utico Ozires Silva, que se destacou ao liderar, em 1969, o grupo que promoveu a cria\u00e7\u00e3o da Embraer, tendo sido, tamb\u00e9m, presidente da Petrobr\u00e1s, da Varig e ministro da Infraestrutura.<\/p>\n<p>&nbsp;<\/p>\n<p>(Da M\u00daTUA)<\/p>\n","protected":false},"excerpt":{"rendered":"<p>Nos dias 12 a 15 de agosto \u00e9 realizada, pela primeira vez no Piau\u00ed, a Semana Oficial da Engenharia e da Agronomia (SOEA), em sua 71\u00aa edi\u00e7\u00e3o. Atrav\u00e9s de conv\u00eanios firmados entre a M\u00fatua e os Creas, profissionais de todos os Estado ter\u00e3o a oportunidade de participar desse, que \u00e9 o maior evento do Sistema Confea\/Crea e M\u00fatua. A SOEA \u00e9 o principal espa\u00e7o para debates e discuss\u00f5es referentes \u00e0s categorias profissionais abrangidas pelos Creas e, neste ano, a estimativa \u00e9 de que cerca de tr\u00eas mil pessoas, entre profissionais e estudantes, participem. O conv\u00eanio assinado com a M\u00fatua tem [&hellip;]<\/p>\n","protected":false},"author":2,"featured_media":0,"comment_status":"closed","ping_status":"closed","sticky":false,"template":"","format":"standard","meta":{"_acf_changed":false,"footnotes":""},"categories":[9],"tags":[],"class_list":["post-10621","post","type-post","status-publish","format-standard","hentry","category-noticias"],"acf":[],"_links":{"self":[{"href":"https:\/\/creapb.org.br\/site\/wp-json\/wp\/v2\/posts\/10621","targetHints":{"allow":["GET"]}}],"collection":[{"href":"https:\/\/creapb.org.br\/site\/wp-json\/wp\/v2\/posts"}],"about":[{"href":"https:\/\/creapb.org.br\/site\/wp-json\/wp\/v2\/types\/post"}],"author":[{"embeddable":true,"href":"https:\/\/creapb.org.br\/site\/wp-json\/wp\/v2\/users\/2"}],"replies":[{"embeddable":true,"href":"https:\/\/creapb.org.br\/site\/wp-json\/wp\/v2\/comments?post=10621"}],"version-history":[{"count":0,"href":"https:\/\/creapb.org.br\/site\/wp-json\/wp\/v2\/posts\/10621\/revisions"}],"wp:attachment":[{"href":"https:\/\/creapb.org.br\/site\/wp-json\/wp\/v2\/media?parent=10621"}],"wp:term":[{"taxonomy":"category","embeddable":true,"href":"https:\/\/creapb.org.br\/site\/wp-json\/wp\/v2\/categories?post=10621"},{"taxonomy":"post_tag","embeddable":true,"href":"https:\/\/creapb.org.br\/site\/wp-json\/wp\/v2\/tags?post=10621"}],"curies":[{"name":"wp","href":"https:\/\/api.w.org\/{rel}","templated":true}]}}