{"id":10696,"date":"2014-08-13T15:56:10","date_gmt":"2014-08-13T18:56:10","guid":{"rendered":"http:\/\/www.creapb.org.br\/?p=10696"},"modified":"2014-08-13T15:56:10","modified_gmt":"2014-08-13T18:56:10","slug":"aberta-oficialmente-em-teresina-pi-a-71a-soea","status":"publish","type":"post","link":"https:\/\/creapb.org.br\/site\/aberta-oficialmente-em-teresina-pi-a-71a-soea\/","title":{"rendered":"Aberta oficialmente, em Teresina (PI), a 71\u00aa SOEA"},"content":{"rendered":"<p><a href=\"http:\/\/www.creapb.org.br\/noticias\/aberta-oficialmente-em-teresina-pi-a-71a-soea\/attachment\/mutua-5\/\" rel=\"attachment wp-att-10697\"><img fetchpriority=\"high\" decoding=\"async\" class=\"aligncenter size-full wp-image-10697\" title=\"mutua 5\" src=\"http:\/\/www.creapb.org.br\/creapb-admin\/wp-content\/uploads\/2014\/08\/mutua-5.jpg\" alt=\"\" width=\"737\" height=\"553\" \/><\/a><\/p>\n<p>Profissionais, lideran\u00e7as do\u00a0Sistema\u00a0Confea\/\u00a0Crea\u00a0e M\u00fatua e de entidades, al\u00e9m de estudantes da \u00e1rea tecnol\u00f3gica, assistiram, na noite dessa ter\u00e7a-feira (12), no Centro de Conven\u00e7\u00f5es de Teresina (PI), a solenidade de abertura da 71\u00aa Semana da Engenharia e da Agronomia (71 SOEA) . Contando com a participa\u00e7\u00e3o dos diretores executivos e regionais da M\u00fatua, conselheiros federais e regionais, presidentes de Creas e de entidades de classe, a cerim\u00f4nia foi bastante prestigiada, com a presen\u00e7a de mais de tr\u00eas mil pessoas. Al\u00e9m de marcar o in\u00edcio dos trabalhos da Semana, a cerim\u00f4nia tamb\u00e9m teve como destaque homenagens a profissionais da \u00e1rea tecnol\u00f3gica brasileira que prestaram relevantes servi\u00e7os.<\/p>\n<p><strong>Fortalecimento do Sistema e o reconhecimento pela realiza\u00e7\u00e3o do evento no Piau\u00ed<\/strong><\/p>\n<p>Os discursos das autoridades presentes na abertura foram pautados pelo reconhecimento dos esfor\u00e7os do\u00a0Confea, do Crea-PI e da M\u00fatua para a realiza\u00e7\u00e3o da 71\u00aa SOEA em Teresina. O presidente da M\u00fatua, engenheiro agr\u00f4nomo Cl\u00e1udio Calheiros, ponderou que o evento s\u00f3 foi poss\u00edvel pela jun\u00e7\u00e3o de esfor\u00e7os do Confea, do Crea-PI, dos demais Conselhos Regionais e das entidades de classe. Ao desejar sucesso no evento, Calheiros enfatizou a import\u00e2ncia de que ao final desta SOEA, propostas concretas sejam elencadas. \u201cEstamos em um ano muito importante na pol\u00edtica brasileira. Precisamos trabalhar para que nossos futuros governantes tenham mais comprometimento com a\u00a0Engenharia\u00a0e com a Agronomia do Pa\u00eds\u201d, destacou.<\/p>\n<p>Em seu discurso, o\u00a0presidente do Conselho\u00a0Federal de Engenharia e\u00a0Agronomia\u00a0(Confea), engenheiro civil Jos\u00e9 Tadeu, tamb\u00e9m destacou a import\u00e2ncia de se realizar a SOEA no Piau\u00ed. \u201cT\u00ednhamos uma d\u00edvida hist\u00f3rica com esse Estado e estamos tendo a oportunidade de saldar. Agrade\u00e7o o empenho do presidente do Crea-PI, do\u00a0conselheiro federal\u00a0Marcelo Morais e do conselheiro Baracuhy pela mobiliza\u00e7\u00e3o em enriquecer esta semana com o Congresso T\u00e9cnico Cient\u00edfico da Engenharia e da Agronomia (Contecc)\u201d, disse Tadeu.<\/p>\n<p>O anfitri\u00e3o da 71\u00aa SOEA, o presidente do Crea-PI, engenheiro civil Paulo Roberto Ferreira de Oliveira, tamb\u00e9m reconheceu o apoio de todos que est\u00e3o contribuindo para a realiza\u00e7\u00e3o do maior evento do Sistema Confea\/Crea. \u201cAgrade\u00e7o todos os presidentes de Creas e todos os conselheiros federais por nos apoiarem sempre e todos os colaboradores do Confea presentes em nossa capital\u201d, enfatizou. Ao falar da valoriza\u00e7\u00e3o das profiss\u00f5es da \u00e1rea tecnol\u00f3gica, Paulo Roberto alertou para a necessidade de concretizar a engenharia p\u00fablica por meio da carreira de Estado. \u201cNossa categoria \u00e9 maior que a popula\u00e7\u00e3o de muitos pa\u00edses, somos capazes de tra\u00e7ar novos rumos para a Engenharia brasileira&#8217;, finalizou.<\/p>\n<p><strong>Fonte: Acme\/M\u00fatua<\/strong><\/p>\n<p><strong>Fotos: Fl\u00e1vio Mottola (Acme\/M\u00fatua)<\/strong><\/p>\n","protected":false},"excerpt":{"rendered":"<p>Profissionais, lideran\u00e7as do\u00a0Sistema\u00a0Confea\/\u00a0Crea\u00a0e M\u00fatua e de entidades, al\u00e9m de estudantes da \u00e1rea tecnol\u00f3gica, assistiram, na noite dessa ter\u00e7a-feira (12), no Centro de Conven\u00e7\u00f5es de Teresina (PI), a solenidade de abertura da 71\u00aa Semana da Engenharia e da Agronomia (71 SOEA) . Contando com a participa\u00e7\u00e3o dos diretores executivos e regionais da M\u00fatua, conselheiros federais e regionais, presidentes de Creas e de entidades de classe, a cerim\u00f4nia foi bastante prestigiada, com a presen\u00e7a de mais de tr\u00eas mil pessoas. Al\u00e9m de marcar o in\u00edcio dos trabalhos da Semana, a cerim\u00f4nia tamb\u00e9m teve como destaque homenagens a profissionais da \u00e1rea tecnol\u00f3gica brasileira [&hellip;]<\/p>\n","protected":false},"author":2,"featured_media":0,"comment_status":"closed","ping_status":"closed","sticky":false,"template":"","format":"standard","meta":{"_acf_changed":false,"footnotes":""},"categories":[9],"tags":[],"class_list":["post-10696","post","type-post","status-publish","format-standard","hentry","category-noticias"],"acf":[],"_links":{"self":[{"href":"https:\/\/creapb.org.br\/site\/wp-json\/wp\/v2\/posts\/10696","targetHints":{"allow":["GET"]}}],"collection":[{"href":"https:\/\/creapb.org.br\/site\/wp-json\/wp\/v2\/posts"}],"about":[{"href":"https:\/\/creapb.org.br\/site\/wp-json\/wp\/v2\/types\/post"}],"author":[{"embeddable":true,"href":"https:\/\/creapb.org.br\/site\/wp-json\/wp\/v2\/users\/2"}],"replies":[{"embeddable":true,"href":"https:\/\/creapb.org.br\/site\/wp-json\/wp\/v2\/comments?post=10696"}],"version-history":[{"count":0,"href":"https:\/\/creapb.org.br\/site\/wp-json\/wp\/v2\/posts\/10696\/revisions"}],"wp:attachment":[{"href":"https:\/\/creapb.org.br\/site\/wp-json\/wp\/v2\/media?parent=10696"}],"wp:term":[{"taxonomy":"category","embeddable":true,"href":"https:\/\/creapb.org.br\/site\/wp-json\/wp\/v2\/categories?post=10696"},{"taxonomy":"post_tag","embeddable":true,"href":"https:\/\/creapb.org.br\/site\/wp-json\/wp\/v2\/tags?post=10696"}],"curies":[{"name":"wp","href":"https:\/\/api.w.org\/{rel}","templated":true}]}}