{"id":10783,"date":"2014-09-08T14:28:43","date_gmt":"2014-09-08T17:28:43","guid":{"rendered":"http:\/\/www.creapb.org.br\/?p=10783"},"modified":"2014-09-08T14:28:43","modified_gmt":"2014-09-08T17:28:43","slug":"fisenge-defende-politica-industrial-brasileira","status":"publish","type":"post","link":"https:\/\/creapb.org.br\/site\/fisenge-defende-politica-industrial-brasileira\/","title":{"rendered":"Fisenge defende pol\u00edtica industrial brasileira"},"content":{"rendered":"<p>Dados de uma pesquisa da Associa\u00e7\u00e3o Brasileira de Engenharia Industrial apontam que quase metade (48%) das empresas pretendem reduzir o n\u00famero de trabalhadores nos pr\u00f3ximos doze meses. Ap\u00f3s as d\u00e9cadas perdidas com o cumprimento de uma antiagenda de pol\u00edtica industrial, hoje, o pa\u00eds conta com o incentivo \u00e0 capacidade industrial e um dos pilares \u00e9 o Plano Brasil Maior. Somos o segundo pa\u00eds que mais exporta servi\u00e7os de engenharia para a Am\u00e9rica Latina.<\/p>\n<p>Seguir o fortalecimento da pol\u00edtica industrial brasileira \u00e9 estrat\u00e9gico para o desenvolvimento da na\u00e7\u00e3o. Historicamente, a capacidade industrial de um pa\u00eds \u00e9 o que mede sua pot\u00eancia e envergadura econ\u00f4mica, com inova\u00e7\u00e3o tecnol\u00f3gica, gera\u00e7\u00e3o de renda e empregos. Diante deste quadro, n\u00f3s, da Federa\u00e7\u00e3o Interestadual de Sindicatos de Engenheiros (Fisenge) repudiamos toda e qualquer tentativa de demiss\u00e3o em massa de trabalhadores e apoiamos o projeto em curso pelo fortalecimento da pol\u00edtica industrial brasileira, que \u00e9 estrat\u00e9gica para a soberania nacional. A contribui\u00e7\u00e3o da engenharia brasileira \u00e9 fundamental para a constru\u00e7\u00e3o de um pa\u00eds justo, solid\u00e1rio e soberano.<\/p>\n<p>&nbsp;<\/p>\n<p>(Da Assessoria)<\/p>\n","protected":false},"excerpt":{"rendered":"<p>Dados de uma pesquisa da Associa\u00e7\u00e3o Brasileira de Engenharia Industrial apontam que quase metade (48%) das empresas pretendem reduzir o n\u00famero de trabalhadores nos pr\u00f3ximos doze meses. Ap\u00f3s as d\u00e9cadas perdidas com o cumprimento de uma antiagenda de pol\u00edtica industrial, hoje, o pa\u00eds conta com o incentivo \u00e0 capacidade industrial e um dos pilares \u00e9 o Plano Brasil Maior. Somos o segundo pa\u00eds que mais exporta servi\u00e7os de engenharia para a Am\u00e9rica Latina. Seguir o fortalecimento da pol\u00edtica industrial brasileira \u00e9 estrat\u00e9gico para o desenvolvimento da na\u00e7\u00e3o. Historicamente, a capacidade industrial de um pa\u00eds \u00e9 o que mede sua pot\u00eancia [&hellip;]<\/p>\n","protected":false},"author":2,"featured_media":0,"comment_status":"closed","ping_status":"closed","sticky":false,"template":"","format":"standard","meta":{"_acf_changed":false,"footnotes":""},"categories":[9],"tags":[],"class_list":["post-10783","post","type-post","status-publish","format-standard","hentry","category-noticias"],"acf":[],"_links":{"self":[{"href":"https:\/\/creapb.org.br\/site\/wp-json\/wp\/v2\/posts\/10783","targetHints":{"allow":["GET"]}}],"collection":[{"href":"https:\/\/creapb.org.br\/site\/wp-json\/wp\/v2\/posts"}],"about":[{"href":"https:\/\/creapb.org.br\/site\/wp-json\/wp\/v2\/types\/post"}],"author":[{"embeddable":true,"href":"https:\/\/creapb.org.br\/site\/wp-json\/wp\/v2\/users\/2"}],"replies":[{"embeddable":true,"href":"https:\/\/creapb.org.br\/site\/wp-json\/wp\/v2\/comments?post=10783"}],"version-history":[{"count":0,"href":"https:\/\/creapb.org.br\/site\/wp-json\/wp\/v2\/posts\/10783\/revisions"}],"wp:attachment":[{"href":"https:\/\/creapb.org.br\/site\/wp-json\/wp\/v2\/media?parent=10783"}],"wp:term":[{"taxonomy":"category","embeddable":true,"href":"https:\/\/creapb.org.br\/site\/wp-json\/wp\/v2\/categories?post=10783"},{"taxonomy":"post_tag","embeddable":true,"href":"https:\/\/creapb.org.br\/site\/wp-json\/wp\/v2\/tags?post=10783"}],"curies":[{"name":"wp","href":"https:\/\/api.w.org\/{rel}","templated":true}]}}