{"id":10941,"date":"2014-10-22T15:28:17","date_gmt":"2014-10-22T18:28:17","guid":{"rendered":"http:\/\/www.creapb.org.br\/?p=10941"},"modified":"2014-10-22T15:28:17","modified_gmt":"2014-10-22T18:28:17","slug":"queimas-agricolas-perto-de-fontes-de-energia-sao-tema-de-reuniao-do-copam","status":"publish","type":"post","link":"https:\/\/creapb.org.br\/site\/queimas-agricolas-perto-de-fontes-de-energia-sao-tema-de-reuniao-do-copam\/","title":{"rendered":"Queimas agr\u00edcolas perto de fontes de energia s\u00e3o tema de reuni\u00e3o do COPAM"},"content":{"rendered":"<p><a href=\"http:\/\/www.creapb.org.br\/noticias\/queimas-agricolas-perto-de-fontes-de-energia-sao-tema-de-reuniao-do-copam\/attachment\/foto-queimada\/\" rel=\"attachment wp-att-10942\"><img fetchpriority=\"high\" decoding=\"async\" class=\"aligncenter size-full wp-image-10942\" title=\"foto queimada\" src=\"http:\/\/www.creapb.org.br\/creapb-admin\/wp-content\/uploads\/2014\/10\/foto-queimada.jpg\" alt=\"\" width=\"550\" height=\"360\" \/><\/a><\/p>\n<p>Nesta ter\u00e7a-feira (21), o COPAM (Conselho de Prote\u00e7\u00e3o Ambiental), ao qual o CREA-PB faz parte, se reuniu na SUDEMA (Superintend\u00eancia de Administra\u00e7\u00e3o do \u00a0Meio Ambiente da Para\u00edba) para discuss\u00e3o de tema importante, que vem sendo tratado a partir de uma parceria entre Energisa e Sudema.<\/p>\n<p>Na ocasi\u00e3o, o\u00a0Engenheiro Eletricista da Energisa, F\u00e1bio Alves, ministrou uma palestra sobre &#8221; A Rede El\u00e9trica e a Colheita Segura &#8211; O Sistema El\u00e9trico e o Canavial&#8221;, com o objetivo de apresentar aos Conselheiros quest\u00f5es relacionadas \u00e0 queima de atividades agr\u00edcolas, silviculturais, agroflorestais e agrosilvipastoris, pr\u00f3ximo a Linhas de Transmiss\u00e3o e de Distribui\u00e7\u00e3o, obedecendo o Decreto Estadual 24.419\/03 .<\/p>\n<p style=\"text-align: center;\"><a href=\"http:\/\/www.creapb.org.br\/noticias\/queimas-agricolas-perto-de-fontes-de-energia-sao-tema-de-reuniao-do-copam\/attachment\/copam\/\" rel=\"attachment wp-att-10943\"><img decoding=\"async\" class=\"aligncenter  wp-image-10943\" title=\"copam\" src=\"http:\/\/www.creapb.org.br\/creapb-admin\/wp-content\/uploads\/2014\/10\/copam.jpg\" alt=\"\" width=\"614\" height=\"461\" \/><\/a><\/p>\n<div>Segundo o sub-gerente de Fiscaliza\u00e7\u00e3o do CREA-PB, Juan \u00c9bano, a Queima Controlada define-se como a aplica\u00e7\u00e3o controlada do fogo em combust\u00edveis, al\u00e9m de seu estado natural, como alterado, de acordo com as condi\u00e7\u00f5es de clima, umidade do combust\u00edvel e do solo, dentre outros. Dessa forma, o fogo precisa ser confinado a uma \u00e1rea pr\u00e9-determinada e produzir a intensidade de calor e taxa de propaga\u00e7\u00e3o necess\u00e1rias para favorecer certos objetivos do manejo de \u00e1reas. &#8220;Nessa pr\u00e1tica h\u00e1 uma necessidade de elabora\u00e7\u00e3o e assist\u00eancia t\u00e9cnica na condu\u00e7\u00e3o da queima em propriedades, que deve ser delegada a profissionais respons\u00e1veis e t\u00e9cnicos devidamente habilitados&#8221;, alerta Juan.<\/div>\n","protected":false},"excerpt":{"rendered":"<p>Nesta ter\u00e7a-feira (21), o COPAM (Conselho de Prote\u00e7\u00e3o Ambiental), ao qual o CREA-PB faz parte, se reuniu na SUDEMA (Superintend\u00eancia de Administra\u00e7\u00e3o do \u00a0Meio Ambiente da Para\u00edba) para discuss\u00e3o de tema importante, que vem sendo tratado a partir de uma parceria entre Energisa e Sudema. Na ocasi\u00e3o, o\u00a0Engenheiro Eletricista da Energisa, F\u00e1bio Alves, ministrou uma palestra sobre &#8221; A Rede El\u00e9trica e a Colheita Segura &#8211; O Sistema El\u00e9trico e o Canavial&#8221;, com o objetivo de apresentar aos Conselheiros quest\u00f5es relacionadas \u00e0 queima de atividades agr\u00edcolas, silviculturais, agroflorestais e agrosilvipastoris, pr\u00f3ximo a Linhas de Transmiss\u00e3o e de Distribui\u00e7\u00e3o, obedecendo o [&hellip;]<\/p>\n","protected":false},"author":2,"featured_media":0,"comment_status":"closed","ping_status":"closed","sticky":false,"template":"","format":"standard","meta":{"_acf_changed":false,"footnotes":""},"categories":[9],"tags":[],"class_list":["post-10941","post","type-post","status-publish","format-standard","hentry","category-noticias"],"acf":[],"_links":{"self":[{"href":"https:\/\/creapb.org.br\/site\/wp-json\/wp\/v2\/posts\/10941","targetHints":{"allow":["GET"]}}],"collection":[{"href":"https:\/\/creapb.org.br\/site\/wp-json\/wp\/v2\/posts"}],"about":[{"href":"https:\/\/creapb.org.br\/site\/wp-json\/wp\/v2\/types\/post"}],"author":[{"embeddable":true,"href":"https:\/\/creapb.org.br\/site\/wp-json\/wp\/v2\/users\/2"}],"replies":[{"embeddable":true,"href":"https:\/\/creapb.org.br\/site\/wp-json\/wp\/v2\/comments?post=10941"}],"version-history":[{"count":0,"href":"https:\/\/creapb.org.br\/site\/wp-json\/wp\/v2\/posts\/10941\/revisions"}],"wp:attachment":[{"href":"https:\/\/creapb.org.br\/site\/wp-json\/wp\/v2\/media?parent=10941"}],"wp:term":[{"taxonomy":"category","embeddable":true,"href":"https:\/\/creapb.org.br\/site\/wp-json\/wp\/v2\/categories?post=10941"},{"taxonomy":"post_tag","embeddable":true,"href":"https:\/\/creapb.org.br\/site\/wp-json\/wp\/v2\/tags?post=10941"}],"curies":[{"name":"wp","href":"https:\/\/api.w.org\/{rel}","templated":true}]}}