{"id":10972,"date":"2014-10-29T16:22:15","date_gmt":"2014-10-29T19:22:15","guid":{"rendered":"http:\/\/www.creapb.org.br\/?p=10972"},"modified":"2014-10-29T16:22:15","modified_gmt":"2014-10-29T19:22:15","slug":"crea-pb-nao-tera-expediente-nesta-sexta-feira-31","status":"publish","type":"post","link":"https:\/\/creapb.org.br\/site\/crea-pb-nao-tera-expediente-nesta-sexta-feira-31\/","title":{"rendered":"CREA-PB n\u00e3o ter\u00e1 expediente nesta sexta-feira (31)"},"content":{"rendered":"<p>ATEN\u00c7\u00c3O! Devido \u00e0 comemora\u00e7\u00e3o do Dia do Servidor P\u00fablico, o CREA-PB n\u00e3o ter\u00e1 expediente nesta sexta-feira (31).<\/p>\n<p><a href=\"http:\/\/www.creapb.org.br\/noticias\/crea-pb-nao-tera-expediente-nesta-sexta-feira-31\/attachment\/servidor-publico\/\" rel=\"attachment wp-att-10973\"><img fetchpriority=\"high\" decoding=\"async\" class=\"aligncenter size-full wp-image-10973\" title=\"servidor p\u00fablico\" src=\"http:\/\/www.creapb.org.br\/creapb-admin\/wp-content\/uploads\/2014\/10\/servidor-p\u00fablico.jpg\" alt=\"\" width=\"640\" height=\"308\" \/><\/a><br \/>\n&#8220;A mais honrosa das ocupa\u00e7\u00f5es \u00e9 servir o p\u00fablico e ser \u00fatil ao maior n\u00famero de pessoas&#8221; (Michel de Montaigne)<\/p>\n<p>&nbsp;<\/p>\n","protected":false},"excerpt":{"rendered":"<p>ATEN\u00c7\u00c3O! Devido \u00e0 comemora\u00e7\u00e3o do Dia do Servidor P\u00fablico, o CREA-PB n\u00e3o ter\u00e1 expediente nesta sexta-feira (31). &#8220;A mais honrosa das ocupa\u00e7\u00f5es \u00e9 servir o p\u00fablico e ser \u00fatil ao maior n\u00famero de pessoas&#8221; (Michel de Montaigne) &nbsp;<\/p>\n","protected":false},"author":2,"featured_media":0,"comment_status":"closed","ping_status":"closed","sticky":false,"template":"","format":"standard","meta":{"_acf_changed":false,"footnotes":""},"categories":[9],"tags":[],"class_list":["post-10972","post","type-post","status-publish","format-standard","hentry","category-noticias"],"acf":[],"_links":{"self":[{"href":"https:\/\/creapb.org.br\/site\/wp-json\/wp\/v2\/posts\/10972","targetHints":{"allow":["GET"]}}],"collection":[{"href":"https:\/\/creapb.org.br\/site\/wp-json\/wp\/v2\/posts"}],"about":[{"href":"https:\/\/creapb.org.br\/site\/wp-json\/wp\/v2\/types\/post"}],"author":[{"embeddable":true,"href":"https:\/\/creapb.org.br\/site\/wp-json\/wp\/v2\/users\/2"}],"replies":[{"embeddable":true,"href":"https:\/\/creapb.org.br\/site\/wp-json\/wp\/v2\/comments?post=10972"}],"version-history":[{"count":0,"href":"https:\/\/creapb.org.br\/site\/wp-json\/wp\/v2\/posts\/10972\/revisions"}],"wp:attachment":[{"href":"https:\/\/creapb.org.br\/site\/wp-json\/wp\/v2\/media?parent=10972"}],"wp:term":[{"taxonomy":"category","embeddable":true,"href":"https:\/\/creapb.org.br\/site\/wp-json\/wp\/v2\/categories?post=10972"},{"taxonomy":"post_tag","embeddable":true,"href":"https:\/\/creapb.org.br\/site\/wp-json\/wp\/v2\/tags?post=10972"}],"curies":[{"name":"wp","href":"https:\/\/api.w.org\/{rel}","templated":true}]}}