{"id":11024,"date":"2014-11-13T17:09:50","date_gmt":"2014-11-13T20:09:50","guid":{"rendered":"http:\/\/www.creapb.org.br\/?p=11024"},"modified":"2014-11-13T17:09:50","modified_gmt":"2014-11-13T20:09:50","slug":"supermercados-sao-alvo-de-fiscalizacao-do-crea","status":"publish","type":"post","link":"https:\/\/creapb.org.br\/site\/supermercados-sao-alvo-de-fiscalizacao-do-crea\/","title":{"rendered":"Supermercados s\u00e3o alvo de fiscaliza\u00e7\u00e3o do CREA"},"content":{"rendered":"<p>H\u00e1 no imagin\u00e1rio coletivo a ideia de que o CREA \u00e9 respons\u00e1vel apenas pela fiscaliza\u00e7\u00e3o da constru\u00e7\u00e3o civil. O \u00f3rg\u00e3o, no entanto, tem atuado nas mais diversas \u00e1reas onde a presen\u00e7a de um respons\u00e1vel t\u00e9cnico das profiss\u00f5es tecnol\u00f3gicas \u00e9 necess\u00e1ria e exigida pela legisla\u00e7\u00e3o. Postos de combust\u00edvel, ag\u00eancias banc\u00e1rias, cl\u00ednicas m\u00e9dicas, hospitais e agro-ind\u00fastria foram apenas alguns dos locais fiscalizados pelo Conselho nos \u00faltimos meses.<\/p>\n<p style=\"text-align: center;\"><a href=\"http:\/\/www.creapb.org.br\/noticias\/supermercados-sao-alvo-de-fiscalizacao-do-crea\/attachment\/supermercado\/\" rel=\"attachment wp-att-11027\"><img fetchpriority=\"high\" decoding=\"async\" class=\"aligncenter  wp-image-11027\" title=\"supermercado\" src=\"http:\/\/www.creapb.org.br\/creapb-admin\/wp-content\/uploads\/2014\/11\/supermercado.jpg\" alt=\"\" width=\"672\" height=\"448\" \/><\/a><\/p>\n<p>&nbsp;<\/p>\n<p>Neste m\u00eas, o Conselho Regional de Engenharia e Agronomia da Para\u00edba intensifica sua a\u00e7\u00e3o em supermercados da grande Jo\u00e3o Pessoa, onde ser\u00e3o visitados aproximadamente 100 estabelecimentos na regi\u00e3o metropolitana da capital. O Agente Fiscal Josemar Souza, respons\u00e1vel pela opera\u00e7\u00e3o, conta que nas visitas aos supermercados, o CREA tem utilizado um m\u00e9todo de fiscaliza\u00e7\u00e3o orientativa e preventiva, ao inv\u00e9s de imediatamente punitiva , na qual os fiscais demandam o registro das empresas terceirizadas da \u00e1rea tecnol\u00f3gica no Conselho, caso ainda n\u00e3o tenham, e ainda o registro da ART (Anota\u00e7\u00e3o de Responsabilidade T\u00e9cnica), conforme determina a legisla\u00e7\u00e3o federal 5.194\/66 e 6.496\/77.<\/p>\n<p>Segundo Josemar, s\u00e3o verificadas as atribui\u00e7\u00f5es dos profissionais que prestam servi\u00e7os como manuten\u00e7\u00e3o em equipamentos de ar-condicionado, \u00a0dedetiza\u00e7\u00e3o, destina\u00e7\u00e3o final de res\u00edduos s\u00f3lidos, empresas que realizam testes hidrost\u00e1ticos em extintores, manuten\u00e7\u00e3o nos elevadores, esteiras rolantes, etc. Estabelecimentos que est\u00e3o sendo ampliados ou reformados tamb\u00e9m t\u00eam aten\u00e7\u00e3o especial da equipe.<\/p>\n<p style=\"text-align: center;\"><a href=\"http:\/\/www.creapb.org.br\/noticias\/supermercados-sao-alvo-de-fiscalizacao-do-crea\/attachment\/empilhadeira\/\" rel=\"attachment wp-att-11028\"><img decoding=\"async\" class=\"aligncenter  wp-image-11028\" title=\"empilhadeira\" src=\"http:\/\/www.creapb.org.br\/creapb-admin\/wp-content\/uploads\/2014\/11\/empilhadeira.jpg\" alt=\"\" width=\"700\" height=\"467\" \/><\/a><\/p>\n<p>Coordenada pelo Gerente de Fiscaliza\u00e7\u00e3o, Ant\u00f4nio C\u00e9sar, a fiscaliza\u00e7\u00e3o do CREA-PB nos supermercados tem o objetivo de assegurar que os servi\u00e7os prestados na \u00e1rea tecnol\u00f3gica, pela qual o Conselho \u00e9 respons\u00e1vel por representar e fiscalizar, estejam sendo acompanhados por profissionais devidamente habilitados e, assim, garantir seguran\u00e7a \u00e0 popula\u00e7\u00e3o, que \u00e9 a destinat\u00e1ria desses servi\u00e7os.<\/p>\n<p><a href=\"http:\/\/www.creapb.org.br\/noticias\/saiba-quais-servicosobras-precisam-de-um-profissional-registrado-no-crea\/\">VEJA AQUI OUTROS SERVI\u00c7OS \u00a0QUE DEMANDAM A PRESEN\u00c7A DE UM PROFISSIONAL REGISTRADO NO CREA<\/a><\/p>\n<p>&nbsp;<\/p>\n<p><em>Grazielle Uch\u00f4a\/Assessoria de Comunica\u00e7\u00e3o do CREA-PB<\/em><\/p>\n<p>&nbsp;<\/p>\n<p>&nbsp;<\/p>\n<p>&nbsp;<\/p>\n<p>&nbsp;<\/p>\n<p>&nbsp;<\/p>\n","protected":false},"excerpt":{"rendered":"<p>H\u00e1 no imagin\u00e1rio coletivo a ideia de que o CREA \u00e9 respons\u00e1vel apenas pela fiscaliza\u00e7\u00e3o da constru\u00e7\u00e3o civil. O \u00f3rg\u00e3o, no entanto, tem atuado nas mais diversas \u00e1reas onde a presen\u00e7a de um respons\u00e1vel t\u00e9cnico das profiss\u00f5es tecnol\u00f3gicas \u00e9 necess\u00e1ria e exigida pela legisla\u00e7\u00e3o. Postos de combust\u00edvel, ag\u00eancias banc\u00e1rias, cl\u00ednicas m\u00e9dicas, hospitais e agro-ind\u00fastria foram apenas alguns dos locais fiscalizados pelo Conselho nos \u00faltimos meses. &nbsp; Neste m\u00eas, o Conselho Regional de Engenharia e Agronomia da Para\u00edba intensifica sua a\u00e7\u00e3o em supermercados da grande Jo\u00e3o Pessoa, onde ser\u00e3o visitados aproximadamente 100 estabelecimentos na regi\u00e3o metropolitana da capital. O Agente Fiscal [&hellip;]<\/p>\n","protected":false},"author":2,"featured_media":0,"comment_status":"closed","ping_status":"closed","sticky":false,"template":"","format":"standard","meta":{"_acf_changed":false,"footnotes":""},"categories":[9],"tags":[],"class_list":["post-11024","post","type-post","status-publish","format-standard","hentry","category-noticias"],"acf":[],"_links":{"self":[{"href":"https:\/\/creapb.org.br\/site\/wp-json\/wp\/v2\/posts\/11024","targetHints":{"allow":["GET"]}}],"collection":[{"href":"https:\/\/creapb.org.br\/site\/wp-json\/wp\/v2\/posts"}],"about":[{"href":"https:\/\/creapb.org.br\/site\/wp-json\/wp\/v2\/types\/post"}],"author":[{"embeddable":true,"href":"https:\/\/creapb.org.br\/site\/wp-json\/wp\/v2\/users\/2"}],"replies":[{"embeddable":true,"href":"https:\/\/creapb.org.br\/site\/wp-json\/wp\/v2\/comments?post=11024"}],"version-history":[{"count":0,"href":"https:\/\/creapb.org.br\/site\/wp-json\/wp\/v2\/posts\/11024\/revisions"}],"wp:attachment":[{"href":"https:\/\/creapb.org.br\/site\/wp-json\/wp\/v2\/media?parent=11024"}],"wp:term":[{"taxonomy":"category","embeddable":true,"href":"https:\/\/creapb.org.br\/site\/wp-json\/wp\/v2\/categories?post=11024"},{"taxonomy":"post_tag","embeddable":true,"href":"https:\/\/creapb.org.br\/site\/wp-json\/wp\/v2\/tags?post=11024"}],"curies":[{"name":"wp","href":"https:\/\/api.w.org\/{rel}","templated":true}]}}