{"id":11045,"date":"2014-11-20T15:16:56","date_gmt":"2014-11-20T18:16:56","guid":{"rendered":"http:\/\/www.creapb.org.br\/?p=11045"},"modified":"2014-11-20T15:16:56","modified_gmt":"2014-11-20T18:16:56","slug":"profissionais-reelegem-giucelia-figueiredo-como-presidente-do-crea-pb","status":"publish","type":"post","link":"https:\/\/creapb.org.br\/site\/profissionais-reelegem-giucelia-figueiredo-como-presidente-do-crea-pb\/","title":{"rendered":"Profissionais reelegem Giuc\u00e9lia Figueiredo como presidente do CREA-PB"},"content":{"rendered":"<p><a href=\"http:\/\/www.creapb.org.br\/noticia-destaque\/profissionais-reelegem-giucelia-figueiredo-como-presidente-do-crea-pb\/attachment\/giucelia-figueiredo-rosto-3x4\/\" rel=\"attachment wp-att-11046\"><img fetchpriority=\"high\" decoding=\"async\" class=\"alignleft size-full wp-image-11046\" title=\"GIUCELIA FIGUEIREDO rosto 3x4\" src=\"http:\/\/www.creapb.org.br\/creapb-admin\/wp-content\/uploads\/2014\/11\/GIUCELIA-FIGUEIREDO-rosto-3x4.jpg\" alt=\"\" width=\"365\" height=\"430\" \/><\/a><\/p>\n<p>Apurados 100% dos votos em todo o estado, a \u00a0engenheira agr\u00f4noma Giuc\u00e9lia Figueiredo foi \u00a0escolhida pelos profissionais do sistema \u00a0CONFEA\/CREA \u00a0na Para\u00edba para mais um \u00a0mandato \u00e0 frente do CREA-PB. Giuc\u00e9lia \u00e9 a \u00a0primeira mulher a presidir o Conselho e obteve \u00a0vit\u00f3ria com 93% dos votos.<\/p>\n<p>Ela agradeceu a todos que estiveram envolvidos no processo eleitoral que culminou em sua reelei\u00e7\u00e3o. &#8220;Agrade\u00e7o profundamente a todos que nos apoiaram nas elei\u00e7\u00f5es do Sistema CONFEA \/ CREA , mas de modo especial aos profissionais das \u00e1reas tecnol\u00f3gicas , Engenheiros , T\u00e9cnicos , Tecn\u00f3logos e ao setor produtivo; eles me deram a oportunidade de ser a primeira mulher reeleita a presid\u00eancia do nosso Conselho&#8221;. Ela lembrou ainda dos usu\u00e1rios dos servi\u00e7os do CREA-PB e dos movimentos sociais que apoiaram e torceram por sua reelei\u00e7\u00e3o.<\/p>\n<p>Giuc\u00e9lia parabenizou os advers\u00e1rios pela participa\u00e7\u00e3o no processo democr\u00e1tico e complementou: &#8221;\u00a0\u00e9 com muita emo\u00e7\u00e3o que reafirmo os nossos compromissos de continuar as mudan\u00e7as , os avan\u00e7os no nosso Conselho, em prol dos profissionais e do povo paraibano . Essa vit\u00f3ria n\u00e3o \u00e9 de Giuc\u00e9lia Figueiredo , mas de todos e todas que sonham e lutam! Obrigada&#8221;.<\/p>\n<p>&nbsp;<\/p>\n<p><strong>\u00a0Propostas<\/strong><\/p>\n<p>Durante a campanha, Giuc\u00e9lia Figueiredo \u00a0prometeu dar continuidade \u00e0 pol\u00edtica de \u00a0valoriza\u00e7\u00e3o salarial e profissional dos servidores \u00a0do CREA-PB, prop\u00f4s construir com as entidades \u00a0representativas de t\u00e9cnicos campanhas de \u00a0valoriza\u00e7\u00e3o profissional e ainda manter o apoio e \u00a0defesa do piso salarial dos t\u00e9cnicos, bem como \u00a0sua legaliza\u00e7\u00e3o e efetiva participa\u00e7\u00e3o no Sistema \u00a0CONFEA, CREA e M\u00fatua.<\/p>\n<p>A presidente eleita garantiu ainda buscar mais \u00a0vigor e proatividade no controle de obras e servi\u00e7os p\u00fablicos de engenharia e na valoriza\u00e7\u00e3o da cadeia produtiva da Para\u00edba. Al\u00e9m disso, dentre outras propostas, Giuc\u00e9lia quer continuar a luta pela valoriza\u00e7\u00e3o do profissional e dar apoio \u00e0s \u00a0entidades e sindicatos em prol da atualiza\u00e7\u00e3o e implanta\u00e7\u00e3o do PCCR das administra\u00e7\u00f5es p\u00fablicas, estadual e municipal.<br \/>\n<strong><\/strong><\/p>\n<p><strong>Paulo La\u00e9rcio representar\u00e1 a Para\u00edba no CONFEA<\/strong><\/p>\n<p>Para conselheiro federal na modalidade de engenharia civil, a chapa \u00fanica, formada pelos engenheiros civis Paulo La\u00e9rcio Vieira (titular) e Homero Cat\u00e3o (suplente), foi eleita nesta quarta-feira com 91% dos votos.<\/p>\n<p><strong>M\u00daTUA tem novos representantes<\/strong><\/p>\n<p>Para a M\u00daTUA, tamb\u00e9m foi deferida apenas uma chapa, composta por Antonio da Cunha Cavalcanti (diretor geral) e Jo\u00e3o de Deus Barros (diretor administrativo). Eles foram eleitos com 90% dos votos.<\/p>\n<p><strong>Homologa\u00e7\u00e3o<\/strong><\/p>\n<p>Segundo o calend\u00e1rio eleitoral, 27 de novembro \u00e9 a data de homologa\u00e7\u00e3o do resultado das elei\u00e7\u00f5es do sistema CONFEA\/CREA\/M\u00daTUA pela Comiss\u00e3o Eleitoral Federal.<\/p>\n<p>&nbsp;<\/p>\n<p>&nbsp;<\/p>\n<p>&nbsp;<\/p>\n<p><em>Grazielle Uch\u00f4a\/Assessoria de Comunica\u00e7\u00e3o do CREA-PB<\/em><\/p>\n","protected":false},"excerpt":{"rendered":"<p>Apurados 100% dos votos em todo o estado, a \u00a0engenheira agr\u00f4noma Giuc\u00e9lia Figueiredo foi \u00a0escolhida pelos profissionais do sistema \u00a0CONFEA\/CREA \u00a0na Para\u00edba para mais um \u00a0mandato \u00e0 frente do CREA-PB. Giuc\u00e9lia \u00e9 a \u00a0primeira mulher a presidir o Conselho e obteve \u00a0vit\u00f3ria com 93% dos votos. Ela agradeceu a todos que estiveram envolvidos no processo eleitoral que culminou em sua reelei\u00e7\u00e3o. &#8220;Agrade\u00e7o profundamente a todos que nos apoiaram nas elei\u00e7\u00f5es do Sistema CONFEA \/ CREA , mas de modo especial aos profissionais das \u00e1reas tecnol\u00f3gicas , Engenheiros , T\u00e9cnicos , Tecn\u00f3logos e ao setor produtivo; eles me deram a oportunidade [&hellip;]<\/p>\n","protected":false},"author":2,"featured_media":0,"comment_status":"closed","ping_status":"closed","sticky":false,"template":"","format":"standard","meta":{"_acf_changed":false,"footnotes":""},"categories":[9],"tags":[],"class_list":["post-11045","post","type-post","status-publish","format-standard","hentry","category-noticias"],"acf":[],"_links":{"self":[{"href":"https:\/\/creapb.org.br\/site\/wp-json\/wp\/v2\/posts\/11045","targetHints":{"allow":["GET"]}}],"collection":[{"href":"https:\/\/creapb.org.br\/site\/wp-json\/wp\/v2\/posts"}],"about":[{"href":"https:\/\/creapb.org.br\/site\/wp-json\/wp\/v2\/types\/post"}],"author":[{"embeddable":true,"href":"https:\/\/creapb.org.br\/site\/wp-json\/wp\/v2\/users\/2"}],"replies":[{"embeddable":true,"href":"https:\/\/creapb.org.br\/site\/wp-json\/wp\/v2\/comments?post=11045"}],"version-history":[{"count":0,"href":"https:\/\/creapb.org.br\/site\/wp-json\/wp\/v2\/posts\/11045\/revisions"}],"wp:attachment":[{"href":"https:\/\/creapb.org.br\/site\/wp-json\/wp\/v2\/media?parent=11045"}],"wp:term":[{"taxonomy":"category","embeddable":true,"href":"https:\/\/creapb.org.br\/site\/wp-json\/wp\/v2\/categories?post=11045"},{"taxonomy":"post_tag","embeddable":true,"href":"https:\/\/creapb.org.br\/site\/wp-json\/wp\/v2\/tags?post=11045"}],"curies":[{"name":"wp","href":"https:\/\/api.w.org\/{rel}","templated":true}]}}