{"id":11164,"date":"2014-12-16T15:16:15","date_gmt":"2014-12-16T18:16:15","guid":{"rendered":"http:\/\/www.creapb.org.br\/?p=11164"},"modified":"2019-01-28T15:37:15","modified_gmt":"2019-01-28T18:37:15","slug":"primeira-mulher-reeleita-no-crea-pb-giucelia-toma-posse","status":"publish","type":"post","link":"https:\/\/creapb.org.br\/site\/primeira-mulher-reeleita-no-crea-pb-giucelia-toma-posse\/","title":{"rendered":"Primeira mulher reeleita no CREA-PB, Giuc\u00e9lia toma posse"},"content":{"rendered":"<p><a href=\"http:\/\/www.creapb.org.br\/noticia-destaque\/primeira-mulher-reeleita-no-crea-pb-giucelia-toma-posse\/attachment\/10850123_695761390544702_8472276857296303370_n\/\" rel=\"attachment wp-att-11166\"><img fetchpriority=\"high\" decoding=\"async\" class=\"wp-image-11166 alignnone\" title=\"10850123_695761390544702_8472276857296303370_n\" src=\"http:\/\/www.creapb.org.br\/creapb-admin\/wp-content\/uploads\/2014\/12\/10850123_695761390544702_8472276857296303370_n.jpg\" alt=\"\" width=\"768\" height=\"576\" \/><\/a><\/p>\n<p>No \u00faltima dia 19 de novembro os profissionais da \u00e1rea tecnol\u00f3gica paraibana elegeram, com expressiva vota\u00e7\u00e3o, \u00a0a Engenheira Agr\u00f4noma Giuc\u00e9lia Figueiredo para mais um mandato \u00e0 frente do CREA-PB. Giuc\u00e9lia \u00e9 a primeira mulher a ser reeleita no Regional. Nesta segunda-feira, durante reuni\u00e3o Plen\u00e1ria do Conselho, ela foi empossada para seu segundo mandato, que se estende at\u00e9 2018.<\/p>\n<p><a href=\"http:\/\/www.creapb.org.br\/noticia-destaque\/primeira-mulher-reeleita-no-crea-pb-giucelia-toma-posse\/attachment\/2-7\/\" rel=\"attachment wp-att-11167\"><img decoding=\"async\" class=\"wp-image-11167 alignnone\" title=\"2\" src=\"http:\/\/www.creapb.org.br\/creapb-admin\/wp-content\/uploads\/2014\/12\/2.jpg\" alt=\"\" width=\"768\" height=\"576\" \/><\/a><\/p>\n<p>Ap\u00f3s assinar o Termo de Posse, Giuc\u00e9lia Figueiredo foi homenageada pelos representantes das entidades de classe. Porta-voz do grupo, o Engenheiro Eletricista Luiz Carlos de Oliveira, presidente da Associa\u00e7\u00e3o Brasileira de Engenheiros Eletricistas &#8211; Se\u00e7\u00e3o Para\u00edba, agradeceu o apoio dado \u00e0s entidades nos \u00faltimos tr\u00eas anos de gest\u00e3o da engenheira agr\u00f4noma.<\/p>\n<p><a href=\"http:\/\/www.creapb.org.br\/noticia-destaque\/primeira-mulher-reeleita-no-crea-pb-giucelia-toma-posse\/attachment\/3-5\/\" rel=\"attachment wp-att-11168\"><img decoding=\"async\" class=\"wp-image-11168 alignnone\" title=\"3\" src=\"http:\/\/www.creapb.org.br\/creapb-admin\/wp-content\/uploads\/2014\/12\/3.jpg\" alt=\"\" width=\"768\" height=\"576\" \/><\/a><\/p>\n<p>Durante a \u00faltima Plen\u00e1ria do ano e encerrando as atividades da Comiss\u00e3o Eleitoral, tamb\u00e9m ocorreu a vota\u00e7\u00e3o para o Diretor Financeira da M\u00fatua. Candidato \u00fanico, Ronaldo Lavor foi eleito por unanimidade.<\/p>\n<p><a href=\"http:\/\/www.creapb.org.br\/noticia-destaque\/primeira-mulher-reeleita-no-crea-pb-giucelia-toma-posse\/attachment\/5-4\/\" rel=\"attachment wp-att-11169\"><img loading=\"lazy\" decoding=\"async\" class=\"wp-image-11169 alignnone\" title=\"5\" src=\"http:\/\/www.creapb.org.br\/creapb-admin\/wp-content\/uploads\/2014\/12\/5.jpg\" alt=\"\" width=\"768\" height=\"576\" \/><\/a><\/p>\n<p>&nbsp;<\/p>\n<p><em>Grazielle Uch\u00f4a\/ Assessoria de Comunica\u00e7\u00e3o do Crea-PB<\/em><\/p>\n","protected":false},"excerpt":{"rendered":"<p>No \u00faltima dia 19 de novembro os profissionais da \u00e1rea tecnol\u00f3gica paraibana elegeram, com expressiva vota\u00e7\u00e3o, \u00a0a Engenheira Agr\u00f4noma Giuc\u00e9lia Figueiredo para mais um mandato \u00e0 frente do CREA-PB. Giuc\u00e9lia \u00e9 a primeira mulher a ser reeleita no Regional. Nesta segunda-feira, durante reuni\u00e3o Plen\u00e1ria do Conselho, ela foi empossada para seu segundo mandato, que se estende at\u00e9 2018. Ap\u00f3s assinar o Termo de Posse, Giuc\u00e9lia Figueiredo foi homenageada pelos representantes das entidades de classe. Porta-voz do grupo, o Engenheiro Eletricista Luiz Carlos de Oliveira, presidente da Associa\u00e7\u00e3o Brasileira de Engenheiros Eletricistas &#8211; Se\u00e7\u00e3o Para\u00edba, agradeceu o apoio dado \u00e0s entidades [&hellip;]<\/p>\n","protected":false},"author":2,"featured_media":0,"comment_status":"closed","ping_status":"closed","sticky":false,"template":"","format":"standard","meta":{"_acf_changed":false,"footnotes":""},"categories":[9],"tags":[],"class_list":["post-11164","post","type-post","status-publish","format-standard","hentry","category-noticias"],"acf":[],"_links":{"self":[{"href":"https:\/\/creapb.org.br\/site\/wp-json\/wp\/v2\/posts\/11164","targetHints":{"allow":["GET"]}}],"collection":[{"href":"https:\/\/creapb.org.br\/site\/wp-json\/wp\/v2\/posts"}],"about":[{"href":"https:\/\/creapb.org.br\/site\/wp-json\/wp\/v2\/types\/post"}],"author":[{"embeddable":true,"href":"https:\/\/creapb.org.br\/site\/wp-json\/wp\/v2\/users\/2"}],"replies":[{"embeddable":true,"href":"https:\/\/creapb.org.br\/site\/wp-json\/wp\/v2\/comments?post=11164"}],"version-history":[{"count":1,"href":"https:\/\/creapb.org.br\/site\/wp-json\/wp\/v2\/posts\/11164\/revisions"}],"predecessor-version":[{"id":15834,"href":"https:\/\/creapb.org.br\/site\/wp-json\/wp\/v2\/posts\/11164\/revisions\/15834"}],"wp:attachment":[{"href":"https:\/\/creapb.org.br\/site\/wp-json\/wp\/v2\/media?parent=11164"}],"wp:term":[{"taxonomy":"category","embeddable":true,"href":"https:\/\/creapb.org.br\/site\/wp-json\/wp\/v2\/categories?post=11164"},{"taxonomy":"post_tag","embeddable":true,"href":"https:\/\/creapb.org.br\/site\/wp-json\/wp\/v2\/tags?post=11164"}],"curies":[{"name":"wp","href":"https:\/\/api.w.org\/{rel}","templated":true}]}}