{"id":11811,"date":"2015-07-02T15:43:19","date_gmt":"2015-07-02T18:43:19","guid":{"rendered":"http:\/\/www.creapb.org.br\/?p=11811"},"modified":"2015-07-02T15:43:19","modified_gmt":"2015-07-02T18:43:19","slug":"confea-homenageia-o-professor-telmo-araujo","status":"publish","type":"post","link":"https:\/\/creapb.org.br\/site\/confea-homenageia-o-professor-telmo-araujo\/","title":{"rendered":"Confea homenageia o professor Telmo Ara\u00fajo"},"content":{"rendered":"<p><a href=\"http:\/\/www.creapb.org.br\/creapb-admin\/wp-content\/uploads\/2015\/07\/telmo-editada.jpg\"><img fetchpriority=\"high\" decoding=\"async\" class=\"size-full wp-image-11812 alignleft\" title=\"telmo editada\" src=\"http:\/\/www.creapb.org.br\/creapb-admin\/wp-content\/uploads\/2015\/07\/telmo-editada.jpg\" alt=\"\" width=\"350\" height=\"262\" \/><\/a>O professor da Universidade Federal de Campina Grande (UFCG), Telmo Ara\u00fajo (in memoriam), ser\u00e1 homenageado na 72\u00aa Semana Oficial da Engenharia e Agronomia (SOEA), que acontece de 15 a 18 de setembro em Fortaleza, Cear\u00e1.<\/p>\n<p>A decis\u00e3o foi tomada na \u00faltima sess\u00e3o plen\u00e1ria do Conselho Federal de Engenharia e Agronomia (Confea), realizada de 27 a 29 de maio e que prop\u00f4s a indica\u00e7\u00e3o de Telmo Ara\u00fajo para inscri\u00e7\u00e3o no Livro L\u00e1urea do M\u00e9rito 2015.<\/p>\n<p>Telmo Ara\u00fajo foi professor da Unidade Acad\u00eamica de Engenharia El\u00e9trica da UFCG por 20 anos. Era p\u00f3s-doutor em Engenharia El\u00e9trica pelo Institut National Polytechnique de Toulouse, na Fran\u00e7a, e teve um valioso papel no processo de consolida\u00e7\u00e3o de Campina Grande como p\u00f3lo tecnol\u00f3gico.<\/p>\n<p>Tamb\u00e9m foi secret\u00e1rio regional da Sociedade Brasileira para o Progresso da Ci\u00eancia (SBPC), diretor da Funda\u00e7\u00e3o Parque Tecnol\u00f3gico da Para\u00edba (Funda\u00e7\u00e3o PaqTcPB), secret\u00e1rio de Planejamento de Campina Grande, presidente da Associa\u00e7\u00e3o Nacional de Entidades Promotoras de Empreendimentos Inovadores (Anprotec), coordenador do Centro de Internacionaliza\u00e7\u00e3o de Software (TecOut Center) e representante do governo federal na China. Presidiu a Funda\u00e7\u00e3o de Apoio \u00e0 Pesquisa do Estado da Para\u00edba (Fapesq) e era membro do Conselho Fiscal do Sebrae Nacional.<\/p>\n<p><em>Ascom\/UFCG<\/em><\/p>\n","protected":false},"excerpt":{"rendered":"<p>O professor da Universidade Federal de Campina Grande (UFCG), Telmo Ara\u00fajo (in memoriam), ser\u00e1 homenageado na 72\u00aa Semana Oficial da Engenharia e Agronomia (SOEA), que acontece de 15 a 18 de setembro em Fortaleza, Cear\u00e1. A decis\u00e3o foi tomada na \u00faltima sess\u00e3o plen\u00e1ria do Conselho Federal de Engenharia e Agronomia (Confea), realizada de 27 a 29 de maio e que prop\u00f4s a indica\u00e7\u00e3o de Telmo Ara\u00fajo para inscri\u00e7\u00e3o no Livro L\u00e1urea do M\u00e9rito 2015. Telmo Ara\u00fajo foi professor da Unidade Acad\u00eamica de Engenharia El\u00e9trica da UFCG por 20 anos. Era p\u00f3s-doutor em Engenharia El\u00e9trica pelo Institut National Polytechnique de Toulouse, [&hellip;]<\/p>\n","protected":false},"author":2,"featured_media":11812,"comment_status":"closed","ping_status":"closed","sticky":false,"template":"","format":"standard","meta":{"_acf_changed":false,"footnotes":""},"categories":[9],"tags":[],"class_list":["post-11811","post","type-post","status-publish","format-standard","has-post-thumbnail","hentry","category-noticias"],"acf":[],"_links":{"self":[{"href":"https:\/\/creapb.org.br\/site\/wp-json\/wp\/v2\/posts\/11811","targetHints":{"allow":["GET"]}}],"collection":[{"href":"https:\/\/creapb.org.br\/site\/wp-json\/wp\/v2\/posts"}],"about":[{"href":"https:\/\/creapb.org.br\/site\/wp-json\/wp\/v2\/types\/post"}],"author":[{"embeddable":true,"href":"https:\/\/creapb.org.br\/site\/wp-json\/wp\/v2\/users\/2"}],"replies":[{"embeddable":true,"href":"https:\/\/creapb.org.br\/site\/wp-json\/wp\/v2\/comments?post=11811"}],"version-history":[{"count":0,"href":"https:\/\/creapb.org.br\/site\/wp-json\/wp\/v2\/posts\/11811\/revisions"}],"wp:featuredmedia":[{"embeddable":true,"href":"https:\/\/creapb.org.br\/site\/wp-json\/"}],"wp:attachment":[{"href":"https:\/\/creapb.org.br\/site\/wp-json\/wp\/v2\/media?parent=11811"}],"wp:term":[{"taxonomy":"category","embeddable":true,"href":"https:\/\/creapb.org.br\/site\/wp-json\/wp\/v2\/categories?post=11811"},{"taxonomy":"post_tag","embeddable":true,"href":"https:\/\/creapb.org.br\/site\/wp-json\/wp\/v2\/tags?post=11811"}],"curies":[{"name":"wp","href":"https:\/\/api.w.org\/{rel}","templated":true}]}}