{"id":11956,"date":"2015-06-11T17:57:55","date_gmt":"2015-06-11T20:57:55","guid":{"rendered":"http:\/\/www.creapb.org.br\/?p=11956"},"modified":"2015-06-11T17:57:55","modified_gmt":"2015-06-11T20:57:55","slug":"mutua-e-crea-ce-assinam-convenio-para-a-72a-soea","status":"publish","type":"post","link":"https:\/\/creapb.org.br\/site\/mutua-e-crea-ce-assinam-convenio-para-a-72a-soea\/","title":{"rendered":"M\u00fatua e Crea-CE assinam conv\u00eanio para a 72\u00aa Soea"},"content":{"rendered":"<p><a href=\"http:\/\/www.creapb.org.br\/creapb-admin\/wp-content\/uploads\/2015\/07\/crea-m\u00fatua.jpg\"><img fetchpriority=\"high\" decoding=\"async\" class=\"alignleft size-full wp-image-11957\" title=\"crea m\u00fatua\" src=\"http:\/\/www.creapb.org.br\/creapb-admin\/wp-content\/uploads\/2015\/07\/crea-m\u00fatua.jpg\" alt=\"\" width=\"500\" height=\"363\" \/><\/a>J\u00e1 est\u00e1 assinado e em andamento o conv\u00eanio entre a M\u00fatua (Caixa de Assist\u00eancia dos Profissionais do Crea) e o Conselho Regional de Engenharia e de Agronomia do Estado do Cear\u00e1 (Crea-CE) para apoio \u00e0 72\u00aa Semana Oficial da Engenharia e da Agronomia (SOEA), o maior evento do Sistema Confea\/Crea e M\u00fatua que, neste ano, ser\u00e1 realizada de 15 a 18 de setembro, no Centro de Eventos do Cear\u00e1, em Fortaleza (CE). O documento foi assinado pelos diretores da M\u00fatua, engenheiro agr\u00f4nomo Cl\u00e1udio Calheiros (diretor-presidente) e Antonio Salvador da Rocha (diretor de Tecnologia) e pelo presidente do Crea-CE, engenheiro civil Victor Frota Pinto.<\/p>\n<p>Para o presidente da M\u00fatua, a formaliza\u00e7\u00e3o do conv\u00eanio demonstra, na pr\u00e1tica, que o Sistema Confea\/Crea e M\u00fatua est\u00e1, cada dia mais, fortalecido e un\u00edssono. \u201cA M\u00fatua participa da realiza\u00e7\u00e3o da SOEA, n\u00e3o sendo apenas um patrocinador financeiro. A Caixa de Assist\u00eancia est\u00e1 inserida nas discuss\u00f5es e em todo o evento. Isso mostra que o Sistema hoje \u00e9 \u00fanico e reflete, tamb\u00e9m, a valoriza\u00e7\u00e3o das nossas Institui\u00e7\u00f5es, cada uma fazendo seu papel para, principalmente, atender aos profissionais\u201d, destacou ele.<\/p>\n<p><strong>Grande satisfa\u00e7\u00e3o<\/strong><\/p>\n<p>A 72\u00aa Soea \u00e9 uma promo\u00e7\u00e3o do Confea, em parceria com o Crea-CE, e o importante apoio da M\u00fatua ser\u00e1 fundamental para tornar o evento pleno de \u00eaxito, destacou o presidente do Regional do Cear\u00e1, eng. Civil Victor Frota Pinto. \u201cPara n\u00f3s, do Crea-CE, ser\u00e1 uma grande satisfa\u00e7\u00e3o receber em Fortaleza o maior evento das engenharias do Pa\u00eds, assim como os conselheiros, profissionais e estudiosos da \u00e1rea tecnol\u00f3gica do Brasil e at\u00e9 do exterior. Vamos nos empenhar para fazer o melhor poss\u00edvel\u201d, afirmou, enfatizando que em 2015 o Cear\u00e1 realizar\u00e1, pela quarta vez, a Soea. A primeira foi no ano de 1996, lembrou o anfitri\u00e3o Victor Frota Pinto.<\/p>\n<p>O diretor de Tecnologia da M\u00fatua tamb\u00e9m refor\u00e7ou a relev\u00e2ncia da SOEA e a expectativa de seu Estado em sediar o evento. \u201cO conv\u00eanio com o Crea-CE, em termos de SOEA, foi o mais r\u00e1pido a ser firmado. J\u00e1 repassamos os recursos ao Conselho Regional e agora esperamos que os mais de 4 mil participantes que est\u00e3o sendo aguardados em Fortaleza realmente usufruam de toda a estrutura do local do evento e de toda a programa\u00e7\u00e3o t\u00e9cnica que est\u00e1 sendo organizada\u201d, ponderou.<\/p>\n<p>Um destaque desta 72\u00aa SOEA \u00e9 a realiza\u00e7\u00e3o do 2\u00ba Congresso T\u00e9cnico e Cient\u00edfico (Contecc), que oportunizar\u00e1 o debate de estudos t\u00e9cnicos, atraindo ainda mais os estudantes. Calheiros avalia que os assuntos que estar\u00e3o em pauta, neste ano, na Semana da Engenharia e da Agronomia tamb\u00e9m enriquecer\u00e3o ainda mais o evento. \u201cVamos discutir, enfaticamente, quest\u00f5es como sustentabilidade, \u00e1gua e energia. Precisamos encontrar solu\u00e7\u00f5es no \u00e2mbito da Engenharia e da Agronomia para que possamos atravessar essa crise que o Brasil e o mundo v\u00eam passando. Temos que tratar desses temas hoje e pensar como queremos nosso futuro, de forma que a atual crise n\u00e3o atrapalhe o crescimento do nosso Pa\u00eds. \u00c9 muito importante, cada vez mais, utilizarmos de forma adequada nossos recursos\u201d, refletiu o presidente da M\u00fatua.<\/p>\n<p><em>Assessoria<\/em><\/p>\n","protected":false},"excerpt":{"rendered":"<p>J\u00e1 est\u00e1 assinado e em andamento o conv\u00eanio entre a M\u00fatua (Caixa de Assist\u00eancia dos Profissionais do Crea) e o Conselho Regional de Engenharia e de Agronomia do Estado do Cear\u00e1 (Crea-CE) para apoio \u00e0 72\u00aa Semana Oficial da Engenharia e da Agronomia (SOEA), o maior evento do Sistema Confea\/Crea e M\u00fatua que, neste ano, ser\u00e1 realizada de 15 a 18 de setembro, no Centro de Eventos do Cear\u00e1, em Fortaleza (CE). O documento foi assinado pelos diretores da M\u00fatua, engenheiro agr\u00f4nomo Cl\u00e1udio Calheiros (diretor-presidente) e Antonio Salvador da Rocha (diretor de Tecnologia) e pelo presidente do Crea-CE, engenheiro civil [&hellip;]<\/p>\n","protected":false},"author":2,"featured_media":0,"comment_status":"closed","ping_status":"closed","sticky":false,"template":"","format":"standard","meta":{"_acf_changed":false,"footnotes":""},"categories":[9],"tags":[],"class_list":["post-11956","post","type-post","status-publish","format-standard","hentry","category-noticias"],"acf":[],"_links":{"self":[{"href":"https:\/\/creapb.org.br\/site\/wp-json\/wp\/v2\/posts\/11956","targetHints":{"allow":["GET"]}}],"collection":[{"href":"https:\/\/creapb.org.br\/site\/wp-json\/wp\/v2\/posts"}],"about":[{"href":"https:\/\/creapb.org.br\/site\/wp-json\/wp\/v2\/types\/post"}],"author":[{"embeddable":true,"href":"https:\/\/creapb.org.br\/site\/wp-json\/wp\/v2\/users\/2"}],"replies":[{"embeddable":true,"href":"https:\/\/creapb.org.br\/site\/wp-json\/wp\/v2\/comments?post=11956"}],"version-history":[{"count":0,"href":"https:\/\/creapb.org.br\/site\/wp-json\/wp\/v2\/posts\/11956\/revisions"}],"wp:attachment":[{"href":"https:\/\/creapb.org.br\/site\/wp-json\/wp\/v2\/media?parent=11956"}],"wp:term":[{"taxonomy":"category","embeddable":true,"href":"https:\/\/creapb.org.br\/site\/wp-json\/wp\/v2\/categories?post=11956"},{"taxonomy":"post_tag","embeddable":true,"href":"https:\/\/creapb.org.br\/site\/wp-json\/wp\/v2\/tags?post=11956"}],"curies":[{"name":"wp","href":"https:\/\/api.w.org\/{rel}","templated":true}]}}