{"id":12076,"date":"2015-08-17T13:31:51","date_gmt":"2015-08-17T16:31:51","guid":{"rendered":"http:\/\/www.creapb.org.br\/?p=12076"},"modified":"2015-08-17T13:31:51","modified_gmt":"2015-08-17T16:31:51","slug":"crea-jr-tera-logomarca-unificada-em-todo-brasil","status":"publish","type":"post","link":"https:\/\/creapb.org.br\/site\/crea-jr-tera-logomarca-unificada-em-todo-brasil\/","title":{"rendered":"Crea-Jr ter\u00e1 logomarca unificada em todo Brasil"},"content":{"rendered":"<p>A identidade visual ser\u00e1 escolhida atrav\u00e9s de vota\u00e7\u00e3o<\/p>\n<p>&nbsp;<\/p>\n<p><img fetchpriority=\"high\" decoding=\"async\" class=\"alignleft size-full wp-image-12078\" title=\"crea_junior_selo\" src=\"http:\/\/www.creapb.org.br\/creapb-admin\/wp-content\/uploads\/2015\/08\/crea_junior_selo1.jpg\" alt=\"\" width=\"316\" height=\"316\" \/><\/p>\n<p>Est\u00e1 lan\u00e7ada a enquete que ir\u00e1 selecionar a nova identidade visual do Programa Crea-J\u00fanior. A proposta \u00e9 padronizar a logomarca para ser utilizada em todo o Brasil pelos diversos f\u00f3runs regionais que representam os estudantes e profissionais rec\u00e9m-formados dos cursos ligados ao Sistema Confea\/Crea e M\u00fatua.<\/p>\n<p>O prazo para participar termina no dia 28 de agosto. Para votar na melhor proposta, basta acessar a<a href=\"http:\/\/www.confea.org.br\/cgi\/cgilua.exe\/sys\/start.htm?sid=1012\" target=\"_blank\">p\u00e1gina dos Creas-Juniores no site do Confea<\/a>\u00a0e escolher uma das 20 op\u00e7\u00f5es. O resultado ser\u00e1 divulgado no dia 30 de agosto.<\/p>\n<p>-&gt; Algumas logos cont\u00eam a informa\u00e7\u00e3o &#8220;XX&#8221;, espa\u00e7o destinado para o Crea-Jr colocar a sigla de seu estado &lt;-<\/p>\n<p>Para a escolha da melhor identidade, a \u00a0<a href=\"http:\/\/www.confea.org.br\/cgi\/cgilua.exe\/sys\/start.htm?sid=1727\" target=\"_blank\">Comiss\u00e3o Tem\u00e1tica Novo Engenheiro (CTNE)<\/a>, do Confea, abriu prazo para que todos os Creas-Juniores enviassem suas propostas de logomarcas. Para o coordenador da Comiss\u00e3o, conselheiro federal Leonides da Silva Neto, a participa\u00e7\u00e3o dos Creas-Juniores foi expressiva. \u201cOs cinco coordenadores regionais acionaram seus respectivos Estados para que enviassem as logomarcas para concorrerem e tivemos essa participa\u00e7\u00e3o significativa\u201d, disse o coordenador.<\/p>\n<p>Durante a 72\u00aa Semana Oficial da Engenharia e da Agronomia (Soea), de 15 a 18 de setembro, a marca escolhida ser\u00e1 apresentada, assim como as aplica\u00e7\u00f5es de comunica\u00e7\u00e3o visual.<\/p>\n<p><strong>Sobre a CTNE<\/strong><br \/>\nA padroniza\u00e7\u00e3o da logomarca do Crea-J\u00fanior \u00e9 uma das v\u00e1rias iniciativas apresentadas pela<a href=\"http:\/\/www.confea.org.br\/cgi\/cgilua.exe\/sys\/start.htm?sid=1727\" target=\"_blank\">Comiss\u00e3o Tem\u00e1tica Novo Engenheiro<\/a>, que foi institu\u00edda pela\u00a0<a href=\"http:\/\/normativos.confea.org.br\/ementas\/visualiza.asp?idEmenta=55645&amp;idTiposEmentas=6&amp;Numero=&amp;AnoIni=2014&amp;AnoFim=2014&amp;PalavraChave=%22comiss%E3o+tem%E1tica%22&amp;buscarem=conteudo\" target=\"_blank\">Decis\u00e3o Plen\u00e1ria n\u00ba 2207\/2014<\/a>com objetivo de direcionar, unificar e padronizar a\u00e7\u00f5es relativas dos programas do Crea J\u00fanior\/Jovem no que diz respeito \u00e0s atividades do Sistema Confea\/Crea. Al\u00e9m de conselheiros federais, comp\u00f5em a comiss\u00e3o cinco representantes regionais dos Creas-Juniores. A cria\u00e7\u00e3o da Comiss\u00e3o foi fruto do trabalho do\u00a0<a href=\"http:\/\/www.confea.org.br\/cgi\/cgilua.exe\/sys\/start.htm?sid=1671\" target=\"_blank\">GT Novos Profissionais<\/a>, que atuou durante 2014.<\/p>\n<p>&nbsp;<\/p>\n<p>Fonte: Confea<\/p>\n<p>&nbsp;<\/p>\n","protected":false},"excerpt":{"rendered":"<p>A identidade visual ser\u00e1 escolhida atrav\u00e9s de vota\u00e7\u00e3o &nbsp; Est\u00e1 lan\u00e7ada a enquete que ir\u00e1 selecionar a nova identidade visual do Programa Crea-J\u00fanior. A proposta \u00e9 padronizar a logomarca para ser utilizada em todo o Brasil pelos diversos f\u00f3runs regionais que representam os estudantes e profissionais rec\u00e9m-formados dos cursos ligados ao Sistema Confea\/Crea e M\u00fatua. O prazo para participar termina no dia 28 de agosto. Para votar na melhor proposta, basta acessar ap\u00e1gina dos Creas-Juniores no site do Confea\u00a0e escolher uma das 20 op\u00e7\u00f5es. O resultado ser\u00e1 divulgado no dia 30 de agosto. -&gt; Algumas logos cont\u00eam a informa\u00e7\u00e3o &#8220;XX&#8221;, [&hellip;]<\/p>\n","protected":false},"author":2,"featured_media":12077,"comment_status":"closed","ping_status":"closed","sticky":false,"template":"","format":"standard","meta":{"_acf_changed":false,"footnotes":""},"categories":[1],"tags":[],"class_list":["post-12076","post","type-post","status-publish","format-standard","has-post-thumbnail","hentry","category-sem-categoria"],"acf":[],"_links":{"self":[{"href":"https:\/\/creapb.org.br\/site\/wp-json\/wp\/v2\/posts\/12076","targetHints":{"allow":["GET"]}}],"collection":[{"href":"https:\/\/creapb.org.br\/site\/wp-json\/wp\/v2\/posts"}],"about":[{"href":"https:\/\/creapb.org.br\/site\/wp-json\/wp\/v2\/types\/post"}],"author":[{"embeddable":true,"href":"https:\/\/creapb.org.br\/site\/wp-json\/wp\/v2\/users\/2"}],"replies":[{"embeddable":true,"href":"https:\/\/creapb.org.br\/site\/wp-json\/wp\/v2\/comments?post=12076"}],"version-history":[{"count":0,"href":"https:\/\/creapb.org.br\/site\/wp-json\/wp\/v2\/posts\/12076\/revisions"}],"wp:featuredmedia":[{"embeddable":true,"href":"https:\/\/creapb.org.br\/site\/wp-json\/"}],"wp:attachment":[{"href":"https:\/\/creapb.org.br\/site\/wp-json\/wp\/v2\/media?parent=12076"}],"wp:term":[{"taxonomy":"category","embeddable":true,"href":"https:\/\/creapb.org.br\/site\/wp-json\/wp\/v2\/categories?post=12076"},{"taxonomy":"post_tag","embeddable":true,"href":"https:\/\/creapb.org.br\/site\/wp-json\/wp\/v2\/tags?post=12076"}],"curies":[{"name":"wp","href":"https:\/\/api.w.org\/{rel}","templated":true}]}}