{"id":12163,"date":"2015-09-08T16:08:02","date_gmt":"2015-09-08T19:08:02","guid":{"rendered":"http:\/\/www.creapb.org.br\/?p=12163"},"modified":"2015-09-08T16:08:02","modified_gmt":"2015-09-08T19:08:02","slug":"sinduscon-promove-forum-inovar-construir-em-outubro","status":"publish","type":"post","link":"https:\/\/creapb.org.br\/site\/sinduscon-promove-forum-inovar-construir-em-outubro\/","title":{"rendered":"Sinduscon promove &#8220;F\u00f3rum Inovar &#038; Construir&#8221; em outubro"},"content":{"rendered":"<p>Inscri\u00e7\u00f5es est\u00e3o abertas e podem ser feitas pela internet<\/p>\n<p>Estudantes e associados ao Sindicato da Ind\u00fastria da Constru\u00e7\u00e3o Civil de Jo\u00e3o Pessoa (Sinduscon-JP) v\u00e3o pagar apenas R$ 75,00 na inscri\u00e7\u00e3o para participa\u00e7\u00e3o no F\u00f3rum Inovar &amp; Construir: solu\u00e7\u00f5es inteligentes para o cen\u00e1rio atual. As inscri\u00e7\u00f5es est\u00e3o abertas e podem ser feitas pela internet, atrav\u00e9s do endere\u00e7o eletr\u00f4nico <a href=\"http:\/\/www.inovareconstruir.com.br\/\">http:\/\/www.inovareconstruir.com.br\/<\/a>. O valor para profissionais \u00e9 de R$ 150,00.<\/p>\n<p>O presidente da C\u00e2mara Brasileira da Ind\u00fastria da Constru\u00e7\u00e3o (CBIC), Jos\u00e9 Carlos Martins, falar\u00e1 na abertura do f\u00f3rum sobre &#8220;O Cen\u00e1rio Pol\u00edtico para a Constru\u00e7\u00e3o Civil&#8221;. O evento ser\u00e1 nos dias 7 e 8 de outubro, no Centro Cultural Ariano Suassuna, no Tribunal de Contas do Estado, em Jo\u00e3o Pessoa.<\/p>\n<p>O F\u00f3rum Inovar e Construir pretende apresentar solu\u00e7\u00f5es para o setor diante do atual cen\u00e1rio econ\u00f4mico, pol\u00edtico e social. Com foco na sustentabilidade, devido ao per\u00edodo de estiagem que eleva os custos das constru\u00e7\u00f5es no pa\u00eds, o evento aprofunda discuss\u00f5es sobre as atuais solu\u00e7\u00f5es de constru\u00e7\u00e3o que reduzem custos no processo construtivo.<\/p>\n<p>Promovido pelo Sinduscon-JP em parceria com a Revista Edificar e Anne K. Instituto de Desenvolvimento Humano, o f\u00f3rum tem o apoio do Banco do Brasil, da Inorpel, da Energisa, da Officina da Madeira e da Concresolo.<\/p>\n<p><strong>Temas e palestrantes<\/strong><\/p>\n<p>O Cen\u00e1rio Pol\u00edtico para a Constru\u00e7\u00e3o Civil \u2013 Jos\u00e9 Carlos Martins, Presidente da C\u00e2mara Brasileira da Ind\u00fastria da Constru\u00e7\u00e3o;<\/p>\n<p>Perspectivas para a Constru\u00e7\u00e3o Civil a Curto e M\u00e9dio Prazos \u2013 Celso Petrucci, Economista do Secovi-SP;<\/p>\n<p>Ilumina\u00e7\u00e3o em Tempos de Crise Energ\u00e9tica \u2013 Antonio Carlos Mingroni, engenheiro, arquiteto e membro da ABNT;<\/p>\n<p>Efici\u00eancia: Solu\u00e7\u00e3o para o bom uso da energia \u2013 Raymundo Moniz de Arag\u00e3o, Engenheiro Mec\u00e2nico com P\u00f3s-Gradua\u00e7\u00e3o em Efici\u00eancia Energ\u00e9tica;<\/p>\n<p>Conceito de Edif\u00edcio Inteligente \u2013 Gustavo Luna, arquiteto e professor da UNB;<\/p>\n<p>Automa\u00e7\u00e3o: A tecnologia incorporada \u2013 Rodrigo de Agra Brito, Engenheiro Eletricista;<\/p>\n<p>Produtividade: Fazer mais com menos \u2013 Nelma Miriam Ara\u00fajo, Engenheira Civil;<\/p>\n<p>Como elevar a produtividade na constru\u00e7\u00e3o civil \u2013 Alana Rodrigues, Engenheira Civil especialista em constru\u00e7\u00e3o seca;<\/p>\n<p>A nova rela\u00e7\u00e3o com a \u00e1gua \u2013 Jo\u00e3o Azevedo, Engenheiro Civil e Secret\u00e1rio de Infraestrutura, Recursos H\u00eddricos, Meio Ambiente, Ci\u00eancia e Tecnologia do Estado da Para\u00edba;<\/p>\n<p>Fachada ventilada: Uma solu\u00e7\u00e3o sustent\u00e1vel \u2013 Rosana Yoshida, arquiteta com P\u00f3s-Gradua\u00e7\u00e3o em Arquitetura Bioclim\u00e1tica;<\/p>\n<p>Mobilidade Humana \u2013 Carlos Batinga, Engenheiro Civil especialista em Engenharia de Tr\u00e1fego;<\/p>\n<p>A intera\u00e7\u00e3o com o entorno \u2013 A\u00edda Pontes, arquiteta com P\u00f3s-Gradua\u00e7\u00e3o em Engenharia Urbana.<\/p>\n<p>&nbsp;<\/p>\n<p>Servi\u00e7o:<em>\u00a0<\/em><\/p>\n<p>Associados e estudantes: R$ 75,00<\/p>\n<p>P\u00fablico em geral: R$ 150,0<\/p>\n<p>Inscri\u00e7\u00f5es:<a href=\"http:\/\/www.inovareconstruir.com.br\/\">http:\/\/www.inovareconstruir.com.br\/<\/a><\/p>\n<p>&nbsp;<\/p>\n<p>(Da Assessoria do Sinduscon)<\/p>\n<p>&nbsp;<\/p>\n","protected":false},"excerpt":{"rendered":"<p>Inscri\u00e7\u00f5es est\u00e3o abertas e podem ser feitas pela internet Estudantes e associados ao Sindicato da Ind\u00fastria da Constru\u00e7\u00e3o Civil de Jo\u00e3o Pessoa (Sinduscon-JP) v\u00e3o pagar apenas R$ 75,00 na inscri\u00e7\u00e3o para participa\u00e7\u00e3o no F\u00f3rum Inovar &amp; Construir: solu\u00e7\u00f5es inteligentes para o cen\u00e1rio atual. As inscri\u00e7\u00f5es est\u00e3o abertas e podem ser feitas pela internet, atrav\u00e9s do endere\u00e7o eletr\u00f4nico http:\/\/www.inovareconstruir.com.br\/. O valor para profissionais \u00e9 de R$ 150,00. O presidente da C\u00e2mara Brasileira da Ind\u00fastria da Constru\u00e7\u00e3o (CBIC), Jos\u00e9 Carlos Martins, falar\u00e1 na abertura do f\u00f3rum sobre &#8220;O Cen\u00e1rio Pol\u00edtico para a Constru\u00e7\u00e3o Civil&#8221;. O evento ser\u00e1 nos dias 7 e 8 [&hellip;]<\/p>\n","protected":false},"author":2,"featured_media":0,"comment_status":"closed","ping_status":"closed","sticky":false,"template":"","format":"standard","meta":{"_acf_changed":false,"footnotes":""},"categories":[9],"tags":[],"class_list":["post-12163","post","type-post","status-publish","format-standard","hentry","category-noticias"],"acf":[],"_links":{"self":[{"href":"https:\/\/creapb.org.br\/site\/wp-json\/wp\/v2\/posts\/12163","targetHints":{"allow":["GET"]}}],"collection":[{"href":"https:\/\/creapb.org.br\/site\/wp-json\/wp\/v2\/posts"}],"about":[{"href":"https:\/\/creapb.org.br\/site\/wp-json\/wp\/v2\/types\/post"}],"author":[{"embeddable":true,"href":"https:\/\/creapb.org.br\/site\/wp-json\/wp\/v2\/users\/2"}],"replies":[{"embeddable":true,"href":"https:\/\/creapb.org.br\/site\/wp-json\/wp\/v2\/comments?post=12163"}],"version-history":[{"count":0,"href":"https:\/\/creapb.org.br\/site\/wp-json\/wp\/v2\/posts\/12163\/revisions"}],"wp:attachment":[{"href":"https:\/\/creapb.org.br\/site\/wp-json\/wp\/v2\/media?parent=12163"}],"wp:term":[{"taxonomy":"category","embeddable":true,"href":"https:\/\/creapb.org.br\/site\/wp-json\/wp\/v2\/categories?post=12163"},{"taxonomy":"post_tag","embeddable":true,"href":"https:\/\/creapb.org.br\/site\/wp-json\/wp\/v2\/tags?post=12163"}],"curies":[{"name":"wp","href":"https:\/\/api.w.org\/{rel}","templated":true}]}}