{"id":12200,"date":"2015-09-18T10:03:50","date_gmt":"2015-09-18T13:03:50","guid":{"rendered":"http:\/\/www.creapb.org.br\/?p=12200"},"modified":"2015-09-18T10:03:50","modified_gmt":"2015-09-18T13:03:50","slug":"mutua-e-destaque-na-abertura-da-72a-soea","status":"publish","type":"post","link":"https:\/\/creapb.org.br\/site\/mutua-e-destaque-na-abertura-da-72a-soea\/","title":{"rendered":"M\u00fatua \u00e9 destaque na abertura da 72\u00aa Soea"},"content":{"rendered":"<p><a href=\"http:\/\/www.creapb.org.br\/creapb-admin\/wp-content\/uploads\/2015\/09\/12019968_995379917179878_462535195351824983_n1.jpg\"><img fetchpriority=\"high\" decoding=\"async\" class=\"alignnone  wp-image-12386\" title=\"12019968_995379917179878_462535195351824983_n\" src=\"http:\/\/www.creapb.org.br\/creapb-admin\/wp-content\/uploads\/2015\/09\/12019968_995379917179878_462535195351824983_n1.jpg\" alt=\"\" width=\"576\" height=\"384\" \/><\/a><\/p>\n<p>Desejando sucesso ao evento, o diretor-presidente da M\u00fatua, eng. civ. Paulo Roberto de Queiroz Guimar\u00e3es, falou aos mais de 3,5 mil participantes presentes \u00e0 solenidade de abertura da 72\u00aa Semana Oficial da Engenharia e da Agronomia (Soea), na noite dessa ter\u00e7a-feira (15). Realizada em Fortaleza (CE), a Soea \u00e9 o maior evento profissional da \u00e1rea tecnol\u00f3gica brasileira e leva a marca do Sistema Confea\/Crea e M\u00fatua.<\/p>\n<p>Paulo Guimar\u00e3es enfatizou a import\u00e2ncia das quest\u00f5es que nortear\u00e3o os tr\u00eas dias de programa\u00e7\u00e3o t\u00e9cnica da Soea: \u201cQue nestes pr\u00f3ximos dias possamos ter frut\u00edferos debates em torno do tema central do evento \u201cSustentabilidade: \u00e1gua, energia e inova\u00e7\u00e3o tecnol\u00f3gica. Que saiamos daqui com solu\u00e7\u00f5es efetivas e pr\u00e1ticas para nossas demandas e que elas reflitam em melhorias para a sociedade. Tamb\u00e9m estimo votos de sucesso \u00e0 segunda edi\u00e7\u00e3o do Contecc, um espa\u00e7o fundamental para dissemina\u00e7\u00e3o do conhecimento\u201d.<\/p>\n<p>Em um dos momentos da cerim\u00f4nia, a Diretoria Executiva da M\u00fatua, que iniciou o mandato no \u00faltimo dia 25 de agosto, foi empossada solenemente, com a entrega dos termos de posse aos cinco diretores: eng. civ. Paulo Roberto de Queiroz Guimar\u00e3es (diretor-presidente), eng. civ. Jorge Roberto da Silveira (diretor de benef\u00edcios), Gerson de Almeida Taguatinga (diretor financeiro), eng. civ., mec. e de Seg. do Trab. Julio Fialkoski (diretor administrativo) e eng. civ. Marcelo Gon\u00e7alves Nunes de Oliveira Morais (diretor de Tecnologia da Informa\u00e7\u00e3o).<\/p>\n<p>\u201cEu e os demais diretores executivos da M\u00fatua agradecemos a confian\u00e7a que recebemos para guiar a nossa Caixa de Assist\u00eancia pelos pr\u00f3ximos tr\u00eas anos. Tenham certeza que, desde o primeiro dia do nosso mandato e at\u00e9 o \u00faltimo dia dessa honrosa miss\u00e3o, vamos trabalhar para que a M\u00fatua cres\u00e7a ainda mais e fa\u00e7a diferen\u00e7a na vida de cada profissional associado\u201d, destacou Paulo Guimar\u00e3es, que ainda afirmou que aa gest\u00e3o dessa Diretoria enfocar\u00e1 nas melhorias e amplia\u00e7\u00e3o dos benef\u00edcios sociais para os profissionais carentes.<\/p>\n<p><strong>Reconhecimento<\/strong><\/p>\n<p>Diversas homenagens tamb\u00e9m foram realizadas ao longo da abertura da 72\u00aa Soea. O diretor administrativo da M\u00fatua, Julio Fialkoski, que cumpriu mandado de conselheiro federal do Confea no tri\u00eanio 2012-2014, recebeu o certificado de relevantes servi\u00e7os prestados \u00e0 na\u00e7\u00e3o, assim como os diretores executivos da Caixa de Assist\u00eancia da gest\u00e3o passada.<\/p>\n<p>A entrega das medalhas e placas aos profissionais e familiares de profissionais homenageados neste ano com honrarias do Sistema em 2015 da L\u00e1urea do M\u00e9rito foi outro momento de grande emo\u00e7\u00e3o.\u00a0<a href=\"http:\/\/www.mutua.com.br\/component\/k2\/item\/11709-sistema-reconhece-o-trabalho-de-24-brasileiros-em-favor-do-desenvolvimento-tecnologico-nacional\">Veja mat\u00e9ria completa<\/a>.<\/p>\n<p><strong>Participa\u00e7\u00e3o da Engenharia nas grandes tomadas de decis\u00e3o do Pa\u00eds<\/strong><\/p>\n<p>As demais autoridades presentes externaram suas palavras para ressaltar a import\u00e2ncia da Engenharia para a supera\u00e7\u00e3o das crises que o pa\u00eds enfrenta. O presidente do Confea, eng. civ. Jos\u00e9 Tadeu disse, sob aplausos em diversos momentos, disse que o Brasil precisa inspirar-se na Engenharia para voltar a atingir o caminho do crescimento. \u201cTemos que colocar nosso conhecimento \u00e0 disposi\u00e7\u00e3o de todos, para fazer voltar a funcionar a m\u00e1quina do desenvolvimento. O Pa\u00eds precisa de comandos \u00fateis para voltar a se desenvolver, colocando engenheiros no plano decis\u00f3rio.<\/p>\n<p>O eng. civ. Victor Frota Pinto, presidente do Crea-CE e anfitri\u00e3o da Semana, apontou que a 72\u00aa Soea est\u00e1 acontecendo em um momento tr\u00e1gico para o Brasil. \u201cPrincipalmente para nosso Estado, que passa pela quarta seca seguida e est\u00e1 sendo castigado severamente por essa situa\u00e7\u00e3o\u201d. A noite tamb\u00e9m marcou o in\u00edcio da s\u00e9rie de eventos em comemora\u00e7\u00e3o aos 80 anos do Crea-CE, que ser\u00e1 finalizada em 21 de janeiro de 2016 com uma grande solenidade.<\/p>\n<p>Representando o governador do estado, Camilo Santana, o chefe de gabinete do Governo do Cear\u00e1, \u00c9lcio Batista, tamb\u00e9m destacou que a 72\u00aa Soea est\u00e1 sendo realizada em um momento oportuno. \u201cNada existiria sem a Engenharia, pois \u00e9 atrav\u00e9s dela que se constr\u00f3i o mundo\u201d, afirmou ele.<\/p>\n<p>O presidente da Federa\u00e7\u00e3o Mundial de Organiza\u00e7\u00f5es de Engenharia (FMOI\/WFEO), Marwan Abdelhamid, participou da solenidade, elucidando que a Federa\u00e7\u00e3o congrega profissionais de diversos pa\u00edses e representa o compromisso da Engenharia com as na\u00e7\u00f5es e com o mundo. O engenheiro civil palestino concluiu sua fala arriscando algumas palavras em portugu\u00eas: \u201cDesejo a todos uma grande semana dos engenheiros e dos agr\u00f4nomos. Obrigado!\u201d.<\/p>\n<p>A Semana Oficial \u2013 que re\u00fane p\u00fablico recorde a cada ano \u2013 e o Congresso T\u00e9cnico Cient\u00edfico da Engenharia e da Agronomia 2015 (Contecc) \u2013 com cerca de 550 trabalhos expostos, selecionados entre os mais de 800 inscritos \u2013 acontecem at\u00e9 a pr\u00f3xima sexta-feira, 18, com uma programa\u00e7\u00e3o que tem como tema central \u201cSustentabilidade: \u00e1gua, energia e inova\u00e7\u00e3o tecnol\u00f3gica\u201d.<\/p>\n<p><strong>Fonte: Acme\/M\u00fatua (com informa\u00e7\u00f5es da equipe de Comunica\u00e7\u00e3o do Confea e de Creas)<\/strong><\/p>\n<p><strong>Fotos: Fl\u00e1vio Mottola (Acme\/M\u00fatua)<\/strong><\/p>\n","protected":false},"excerpt":{"rendered":"<p>Desejando sucesso ao evento, o diretor-presidente da M\u00fatua, eng. civ. Paulo Roberto de Queiroz Guimar\u00e3es, falou aos mais de 3,5 mil participantes presentes \u00e0 solenidade de abertura da 72\u00aa Semana Oficial da Engenharia e da Agronomia (Soea), na noite dessa ter\u00e7a-feira (15). Realizada em Fortaleza (CE), a Soea \u00e9 o maior evento profissional da \u00e1rea tecnol\u00f3gica brasileira e leva a marca do Sistema Confea\/Crea e M\u00fatua. Paulo Guimar\u00e3es enfatizou a import\u00e2ncia das quest\u00f5es que nortear\u00e3o os tr\u00eas dias de programa\u00e7\u00e3o t\u00e9cnica da Soea: \u201cQue nestes pr\u00f3ximos dias possamos ter frut\u00edferos debates em torno do tema central do evento \u201cSustentabilidade: \u00e1gua, [&hellip;]<\/p>\n","protected":false},"author":2,"featured_media":0,"comment_status":"closed","ping_status":"closed","sticky":false,"template":"","format":"standard","meta":{"_acf_changed":false,"footnotes":""},"categories":[9],"tags":[],"class_list":["post-12200","post","type-post","status-publish","format-standard","hentry","category-noticias"],"acf":[],"_links":{"self":[{"href":"https:\/\/creapb.org.br\/site\/wp-json\/wp\/v2\/posts\/12200","targetHints":{"allow":["GET"]}}],"collection":[{"href":"https:\/\/creapb.org.br\/site\/wp-json\/wp\/v2\/posts"}],"about":[{"href":"https:\/\/creapb.org.br\/site\/wp-json\/wp\/v2\/types\/post"}],"author":[{"embeddable":true,"href":"https:\/\/creapb.org.br\/site\/wp-json\/wp\/v2\/users\/2"}],"replies":[{"embeddable":true,"href":"https:\/\/creapb.org.br\/site\/wp-json\/wp\/v2\/comments?post=12200"}],"version-history":[{"count":0,"href":"https:\/\/creapb.org.br\/site\/wp-json\/wp\/v2\/posts\/12200\/revisions"}],"wp:attachment":[{"href":"https:\/\/creapb.org.br\/site\/wp-json\/wp\/v2\/media?parent=12200"}],"wp:term":[{"taxonomy":"category","embeddable":true,"href":"https:\/\/creapb.org.br\/site\/wp-json\/wp\/v2\/categories?post=12200"},{"taxonomy":"post_tag","embeddable":true,"href":"https:\/\/creapb.org.br\/site\/wp-json\/wp\/v2\/tags?post=12200"}],"curies":[{"name":"wp","href":"https:\/\/api.w.org\/{rel}","templated":true}]}}