{"id":12203,"date":"2015-09-18T10:30:41","date_gmt":"2015-09-18T13:30:41","guid":{"rendered":"http:\/\/www.creapb.org.br\/?p=12203"},"modified":"2015-09-18T10:30:41","modified_gmt":"2015-09-18T13:30:41","slug":"72a-soea-sistema-confeacrea-e-mutua-veste-a-camisa-da-equidade-de-genero","status":"publish","type":"post","link":"https:\/\/creapb.org.br\/site\/72a-soea-sistema-confeacrea-e-mutua-veste-a-camisa-da-equidade-de-genero\/","title":{"rendered":"72\u00aa Soea: Sistema Confea\/Crea e M\u00fatua &#8216;veste&#8217; a camisa da equidade de g\u00eanero"},"content":{"rendered":"<p><a href=\"http:\/\/www.creapb.org.br\/creapb-admin\/wp-content\/uploads\/2015\/09\/equidade.jpg\"><img fetchpriority=\"high\" decoding=\"async\" class=\"alignnone size-full wp-image-12204\" title=\"???????????????????????????????\" src=\"http:\/\/www.creapb.org.br\/creapb-admin\/wp-content\/uploads\/2015\/09\/equidade.jpg\" alt=\"\" width=\"700\" height=\"525\" \/><\/a><\/p>\n<p>A coordenadora do F\u00f3rum Equidade de G\u00eanero do Sistema Confea\/Crea e M\u00fatua, a vice-presidente do Confea\u00a0 eng. eletric. Ana Constantina, ao abrir os trabalhos do grupo na tarde dessa quinta-feira (17), em Fortaleza (CE), instigou os presidentes do Confea, do Crea-CE e da M\u00fatua, eng. civ. Jos\u00e9 Tadeu da Silva, eng. civ. Victor Frota Pinto e eng. civ. Paulo Guimar\u00e3es, respectivamente, a \u2018vestirem\u2019 a camisa da equidade de g\u00eanero, entregando a essas lideran\u00e7as a vestimenta alusiva ao F\u00f3rum. A vice-presidente, contudo, explicou que o movimento j\u00e1 tem total apoio dos tr\u00eas presidentes, agradecendo Jos\u00e9 Tadeu pela iniciativa de indic\u00e1-la ao cargo no Confea, marcando\u00a0assim, na hist\u00f3ria do Sistema, a condu\u00e7\u00e3o da primeira mulher \u00e0 vice-presid\u00eancia da Autarquia. Ana Constantina tamb\u00e9m parabenizou o engenheiro civil por sempre pautar nas reuni\u00f5es e eventos nacionais do Sistema o tema equidade de g\u00eanero.<\/p>\n<p>O presidente da M\u00fatua, Paulo Guimar\u00e3es, parabenizou Ana Constantina por levantar essa bandeira da equidade de g\u00eanero e enfatizou a presen\u00e7a das mulheres no quadro diretivo da Institui\u00e7\u00e3o. \u201cNa M\u00fatua n\u00e3o aceitamos nenhum tipo de discrimina\u00e7\u00e3o. Al\u00e9m disso, sempre contamos com a presen\u00e7a expressiva das mulheres como diretoras regionais das nossas Caixas. Vou levar a proposta para que a M\u00fatua tamb\u00e9m fa\u00e7a parte do F\u00f3rum de Equidade aos demais diretores executivos, pois essa \u00e9 uma luta fundamental\u201d, afirmou.<\/p>\n<p><a href=\"http:\/\/www.creapb.org.br\/creapb-admin\/wp-content\/uploads\/2015\/09\/equidade-2.jpg\"><img decoding=\"async\" class=\"alignnone size-full wp-image-12205\" title=\"???????????????????????????????\" src=\"http:\/\/www.creapb.org.br\/creapb-admin\/wp-content\/uploads\/2015\/09\/equidade-2.jpg\" alt=\"\" width=\"700\" height=\"525\" \/><\/a><\/p>\n<p>Sob os olhares atentos de cerca de 150 pessoas presentes \u00e0 reuni\u00e3o, entre homens e mulheres, a vice-presidente do Confea ainda detalhou fatos hist\u00f3ricos e pesquisas relativas \u00e0 participa\u00e7\u00e3o da mulher na pol\u00edtica, no Sistema Confea\/Crea e M\u00fatua e na \u00e1rea tecnol\u00f3gica. Os dados apresentados apontam que dos mais de 1,3 milh\u00f5es de profissionais inscritos nos Creas, apenas 14,13 s\u00e3o mulheres. \u201cN\u00e3o me apego ao que n\u00e3o temos. Prefiro trabalhar para mudar as situa\u00e7\u00f5es\u201d, disse Ana Constantina, ao citar duas propostas que ser\u00e3o apresentadas ao Plen\u00e1rio do Confea para fortalecimento do grupo da equidade de g\u00eanero: que o F\u00f3rum seja revertido em uma Comiss\u00e3o Tem\u00e1tica \u2013 o que possibilitar\u00e1 maior espa\u00e7o e tempo para as diversas discuss\u00f5es pertinentes \u2013 e que, ao se eleger as delega\u00e7\u00f5es para o pr\u00f3ximo Congresso Nacional de Profissionais (CNP) se estabele\u00e7a que a cada dois delegados homens tamb\u00e9m seja eleita uma delegada mulher.<\/p>\n<p>O presidente do Confea, Jos\u00e9 Tadeu, falou da satisfa\u00e7\u00e3o em participar do encontro e revelou que se sente agradecido por ter tido a oportunidade de colocar uma mulher na vice-presid\u00eancia do Confea, ap\u00f3s 82 anos de cria\u00e7\u00e3o do Sistema. \u201cN\u00e3o tive d\u00favidas ao indicar a conselheira Ana Constantina para o cargo. Sei da sensibilidade das mulheres e sempre aprendo muito com elas. \u00c9 inaceit\u00e1vel que no s\u00e9culo 21 ainda temos discrimina\u00e7\u00e3o e inconceb\u00edvel que apenas 7% dos cargos de ger\u00eancia e chefia nas empresas sejam ocupados por mulheres e que elas s\u00f3 ganhem 70% do sal\u00e1rio dos homens. Vamos detectar e combater esses pontos para fazer com que o mundo seja mais justo, fraterno e humano\u201d, afirmou ele.<\/p>\n<p>Ponderando que cerca de 90% dos cargos ligados \u00e0 presid\u00eancia do Crea-CE passaram a ser ocupados por mulheres quando assumiu o posto de presidente da Autarquia regional, Victor Frota, presidente do Crea-CE, enfatizou sua percep\u00e7\u00e3o a cerca das profissionais: \u201cElas s\u00e3o leais e muito competentes\u201d. Finalizando, Victor Frota colocou o Crea-CE \u00e0 disposi\u00e7\u00e3o do F\u00f3rum para a\u00e7\u00f5es de fortalecimento do grupo.<\/p>\n<p>As atividades do F\u00f3rum de Equidade de G\u00eanero compuseram a programa\u00e7\u00e3o da 72\u00aa Semana Oficial da Engenharia e da Agronomia (Soea), que \u00e9 realizada na capital cearense, at\u00e9 sexta-feira (18). Norteado pelo tema \u201cO Confea como agente propulsor de Equidade de G\u00eanero na \u00c1rea Tecnol\u00f3gica\u201d, o encontro integrou palestras diversas sobre variados assuntos, como a experi\u00eancia do Governo Federal com o programa pr\u00f3-equidade de g\u00eanero, o papel da mulher na extens\u00e3o rural e o papel da mulher na inova\u00e7\u00e3o tecnol\u00f3gica.<\/p>\n<p>Outros dados repassados pela coordenadora do F\u00f3rum<\/p>\n<p><strong>Mulheres no Congresso:<\/strong><\/p>\n<p>\u2013 16% no Senado<\/p>\n<p>\u2013 13% C\u00e2mara dos Deputados<\/p>\n<p>\u2013 11% Assembleias Legislativas<\/p>\n<p>\u2013 10% C\u00e2maras de Vereadores<\/p>\n<p><strong>Mulheres no Sistema:<\/strong><\/p>\n<p>1982 \u2013 Primeira mulher no Plen\u00e1rio do Confea (Laura Machado Ramos)<\/p>\n<p>1994 \u2013 Primeira presidente de Crea (RN \u2013 Z\u00e9lia Maria Juvenal dos Santos)<\/p>\n<p>2007 \u2013 Primeira t\u00e9cnica industrial como conselheira federal<\/p>\n<p>2014 \u2013 Assinatura do Termo de Compromisso com a Secretaria de Pol\u00edticas P\u00fablicas para as Mulheres.<\/p>\n<p>2015 \u2013 Primeira vice-presidente do Confea (Ana Constantina Sarmento).<\/p>\n<p>&nbsp;<\/p>\n<p>&nbsp;<\/p>\n","protected":false},"excerpt":{"rendered":"<p>A coordenadora do F\u00f3rum Equidade de G\u00eanero do Sistema Confea\/Crea e M\u00fatua, a vice-presidente do Confea\u00a0 eng. eletric. Ana Constantina, ao abrir os trabalhos do grupo na tarde dessa quinta-feira (17), em Fortaleza (CE), instigou os presidentes do Confea, do Crea-CE e da M\u00fatua, eng. civ. Jos\u00e9 Tadeu da Silva, eng. civ. Victor Frota Pinto e eng. civ. Paulo Guimar\u00e3es, respectivamente, a \u2018vestirem\u2019 a camisa da equidade de g\u00eanero, entregando a essas lideran\u00e7as a vestimenta alusiva ao F\u00f3rum. A vice-presidente, contudo, explicou que o movimento j\u00e1 tem total apoio dos tr\u00eas presidentes, agradecendo Jos\u00e9 Tadeu pela iniciativa de indic\u00e1-la ao [&hellip;]<\/p>\n","protected":false},"author":2,"featured_media":0,"comment_status":"closed","ping_status":"closed","sticky":false,"template":"","format":"standard","meta":{"_acf_changed":false,"footnotes":""},"categories":[9],"tags":[],"class_list":["post-12203","post","type-post","status-publish","format-standard","hentry","category-noticias"],"acf":[],"_links":{"self":[{"href":"https:\/\/creapb.org.br\/site\/wp-json\/wp\/v2\/posts\/12203","targetHints":{"allow":["GET"]}}],"collection":[{"href":"https:\/\/creapb.org.br\/site\/wp-json\/wp\/v2\/posts"}],"about":[{"href":"https:\/\/creapb.org.br\/site\/wp-json\/wp\/v2\/types\/post"}],"author":[{"embeddable":true,"href":"https:\/\/creapb.org.br\/site\/wp-json\/wp\/v2\/users\/2"}],"replies":[{"embeddable":true,"href":"https:\/\/creapb.org.br\/site\/wp-json\/wp\/v2\/comments?post=12203"}],"version-history":[{"count":0,"href":"https:\/\/creapb.org.br\/site\/wp-json\/wp\/v2\/posts\/12203\/revisions"}],"wp:attachment":[{"href":"https:\/\/creapb.org.br\/site\/wp-json\/wp\/v2\/media?parent=12203"}],"wp:term":[{"taxonomy":"category","embeddable":true,"href":"https:\/\/creapb.org.br\/site\/wp-json\/wp\/v2\/categories?post=12203"},{"taxonomy":"post_tag","embeddable":true,"href":"https:\/\/creapb.org.br\/site\/wp-json\/wp\/v2\/tags?post=12203"}],"curies":[{"name":"wp","href":"https:\/\/api.w.org\/{rel}","templated":true}]}}