{"id":12215,"date":"2015-09-21T16:21:15","date_gmt":"2015-09-21T19:21:15","guid":{"rendered":"http:\/\/www.creapb.org.br\/?p=12215"},"modified":"2015-09-21T16:21:15","modified_gmt":"2015-09-21T19:21:15","slug":"no-ultimo-dia-da-72a-soea-diretores-executivos-da-mutua-fazem-balanco-do-evento","status":"publish","type":"post","link":"https:\/\/creapb.org.br\/site\/no-ultimo-dia-da-72a-soea-diretores-executivos-da-mutua-fazem-balanco-do-evento\/","title":{"rendered":"No \u00faltimo dia da 72\u00aa Soea, diretores executivos da M\u00fatua fazem balan\u00e7o do evento"},"content":{"rendered":"<p>Essa sexta-feira (18) \u00e9 marcada pela conclus\u00e3o dos trabalhos da 72\u00aa Semana Oficial da Engenharia e da Agronomia, edi\u00e7\u00e3o promovida em Fortaleza (CE). Com p\u00fablico de mais de 3,5 mil pessoas, o evento mais uma vez mostrou sua for\u00e7a e reuniu lideran\u00e7as do Sistema Confea\/Crea e M\u00fatua, de entidades de classe, profissionais, estudantes e pesquisadores da \u00e1rea tecnol\u00f3gica.<\/p>\n<p>Em torno da tem\u00e1tica \u201cSustentabilidade: \u00e1gua, energia e inova\u00e7\u00e3o tecnol\u00f3gica\u201d a Soea discutiu as principais problem\u00e1ticas referentes ao assunto, lan\u00e7ou reflex\u00f5es e, novamente, marcou o papel da Engenharia e da Agronomia nessas quest\u00f5es que se mostram como desafios ao Brasil.<\/p>\n<p><strong>Participa\u00e7\u00e3o da M\u00fatua<\/strong><\/p>\n<p>A M\u00fatua \u00e9 uma das institui\u00e7\u00f5es realizadoras da Soea e sempre leva novidades para o p\u00fablico do evento. Com estande montado para atendimento aos participantes, neste ano, a Caixa de Assist\u00eancia veio com o slogan \u201cBenef\u00edcios que renovam suas energias\u201d, enfatizando seus produtos e servi\u00e7os que conferem mais qualidade de vida e desenvolvimento aos mutualistas.<\/p>\n<p>Al\u00e9m disso, a presen\u00e7a de todo o quadro diretivo da M\u00fatua, diretores executivos e regionais (dos 27 estados da Federa\u00e7\u00e3o), uniu for\u00e7as e conhecimentos \u00e0s discuss\u00f5es referentes aos rumos do Sistema Confea\/Crea e M\u00fatua e, tamb\u00e9m, aos debates t\u00e9cnicos.<\/p>\n<p>Para o diretor-presidente da M\u00fatua, eng. civ. Paulo Roberto de Queiroz Guimar\u00e3es, o Cear\u00e1 mais uma vez mostrou sua perfeita receptividade, por toda ordena\u00e7\u00e3o e aparato dispon\u00edveis aos participantes do evento, e o Sistema sua robustez, quando decidiu trazer \u00e0 Soea a an\u00e1lise de temas t\u00e3o fundamentais para a sociedade. \u201cEssa \u00e9 a quarta vez que o Cear\u00e1 sedia uma Soea, mas certamente essa edi\u00e7\u00e3o de 2015 ficar\u00e1 marcada como uma das melhores. A estrutura do Centro de Eventos possibilitou total conforto aos participantes que puderam se dedicar por completo \u00e0 programa\u00e7\u00e3o. Os assuntos abordados nessa Soea refor\u00e7am a import\u00e2ncia dos profissionais da \u00e1rea tecnol\u00f3gica na busca por solu\u00e7\u00f5es aos problemas do Pa\u00eds. A quest\u00e3o da crise h\u00eddrica \u00e9 muito s\u00e9ria e precisamos repensar o uso da \u00e1gua e adotar posturas mais sustent\u00e1veis\u201d, refletiu. Paulo Guimar\u00e3es ainda comemorou o sucesso do estande da M\u00fatua na ExpoSoea: \u201cFoi um trabalho conjunto que resultou em um bel\u00edssimo estande, onde os participantes estiveram mais pr\u00f3ximos da M\u00fatua, conhecendo mais sobre o relevante servi\u00e7o que a Institui\u00e7\u00e3o presta aos profissionais\u201d.<\/p>\n<p><img decoding=\"async\" src=\"http:\/\/www.mutua.com.br\/images\/jornalismo\/2015\/SETEMBRO\/18-09%20Diretores%20Soea%20(5).JPG\" alt=\"\" \/><\/p>\n<p>\u201cA Semana Oficial da Engenharia e da Agronomia aqui em Fortaleza conseguiu reunir, pela primeira vez, o bom gosto de um local completamente equipado com tudo o que precis\u00e1vamos e o alto n\u00edvel dos\u00a0temas tratados, com palestrantes de renome. Destaco, ainda, a realiza\u00e7\u00e3o da segunda edi\u00e7\u00e3o do Contecc, que superou o n\u00famero de trabalhos inscritos\u201d, ressaltou o diretor de Benef\u00edcios da M\u00fatua, eng. civ. Jorge Silveira.<\/p>\n<p><img decoding=\"async\" src=\"http:\/\/www.mutua.com.br\/images\/jornalismo\/2015\/SETEMBRO\/18-09%20Diretores%20Soea%20(3).JPG\" alt=\"\" \/><\/p>\n<p>Na vis\u00e3o do diretor financeiro da M\u00fatua, eng. civ. Gerson Taguatinga, o conforto, o layout e a estrutura do Centro de Conven\u00e7\u00f5es do Cear\u00e1 tamb\u00e9m foram destaques dessa Semana Oficial. \u201cA organiza\u00e7\u00e3o da 72\u00aa Soea merece todo o reconhecimento pelo belo trabalho na condu\u00e7\u00e3o do evento. Essa Soea \u00e9 um divisor de \u00e1guas no Sistema, que a cada ano tem melhorado ao abrir espa\u00e7o para discuss\u00f5es t\u00e3o importantes\u201d, afirmou.<\/p>\n<p><img decoding=\"async\" src=\"http:\/\/www.mutua.com.br\/images\/jornalismo\/2015\/SETEMBRO\/18-09%20Diretores%20Soea%20(4).JPG\" alt=\"\" \/><\/p>\n<p>\u201cEsse \u00e9 o evento magno do Sistema Confea\/Crea e M\u00fatua. Na Soea podemos aproximar nossas institui\u00e7\u00f5es, de norte a sul, e diminuir nossas diferen\u00e7as, sejam elas administrativas ou culturais. Por isso \u00e9 sempre um evento muito importante. A M\u00fatua por ser um dos elos mais importantes do Sistema, que atua no \u00e2mbito assistencial, inclusive auxiliando os profissionais que passam por dificuldades, n\u00e3o pode jamais ficar de fora da Soea. As palestras deste ano foram de alto n\u00edvel e o local\u00a0singular. O Crea-CE e a cidade de Fortaleza (CE) est\u00e3o de parab\u00e9ns. Tudo contribuiu para o sucesso dessa 72\u00aa Soea\u201d, acrescentou o diretor administrativo da M\u00fatua, eng. civ., mec. e de Seg. do Trab. Julio Fialkoski.<\/p>\n<p><img decoding=\"async\" src=\"http:\/\/www.mutua.com.br\/images\/jornalismo\/2015\/SETEMBRO\/18-09%20Diretores%20Soea.JPG\" alt=\"\" \/><\/p>\n<p>Tamb\u00e9m em tom de despedida, o diretor de Tecnologia da Informa\u00e7\u00e3o da M\u00fatua, eng. civ.\u00a0Marcelo Gon\u00e7alves Nunes de Oliveira Morais, apontou sua opini\u00e3o sobre a 72\u00aa Soea: \u201cA expectativa que tinha dessa Soea se consolidou e vejo como \u00e9 muito importante que a M\u00fatua participe desse tipo de evento, principalmente, deste que \u00e9 o maior evento do nosso Sistema. Estou bastante satisfeito com a movimenta\u00e7\u00e3o no estande da M\u00fatua, o espa\u00e7o foi muito bem montado, com\u00a0uma \u00a0arte visual toda inspirada no Cear\u00e1 e com todas as informa\u00e7\u00f5es dispon\u00edveis aos participantes. Saio daqui com uma impress\u00e3o muito boa e vamos fazer o poss\u00edvel para melhorar cada vez mais. Tivemos reuni\u00f5es e palestras que contaram com a participa\u00e7\u00e3o maci\u00e7a dos profissionais e, no que diz respeito \u00e0 M\u00fatua, espero receber diversas contribui\u00e7\u00f5es para nosso mandato, mediante aos contatos que foram oportunizados durante a 72\u00aa Soea\u201d, constatou o diretor.<\/p>\n<p><strong>Fonte: Acme\/M\u00fatua<\/strong><\/p>\n<p><strong>Fotos: Fl\u00e1vio Mottola e Hugo Oliveira (Acme\/M\u00fatua)<\/strong><\/p>\n","protected":false},"excerpt":{"rendered":"<p>Essa sexta-feira (18) \u00e9 marcada pela conclus\u00e3o dos trabalhos da 72\u00aa Semana Oficial da Engenharia e da Agronomia, edi\u00e7\u00e3o promovida em Fortaleza (CE). Com p\u00fablico de mais de 3,5 mil pessoas, o evento mais uma vez mostrou sua for\u00e7a e reuniu lideran\u00e7as do Sistema Confea\/Crea e M\u00fatua, de entidades de classe, profissionais, estudantes e pesquisadores da \u00e1rea tecnol\u00f3gica. Em torno da tem\u00e1tica \u201cSustentabilidade: \u00e1gua, energia e inova\u00e7\u00e3o tecnol\u00f3gica\u201d a Soea discutiu as principais problem\u00e1ticas referentes ao assunto, lan\u00e7ou reflex\u00f5es e, novamente, marcou o papel da Engenharia e da Agronomia nessas quest\u00f5es que se mostram como desafios ao Brasil. Participa\u00e7\u00e3o da [&hellip;]<\/p>\n","protected":false},"author":2,"featured_media":0,"comment_status":"closed","ping_status":"closed","sticky":false,"template":"","format":"standard","meta":{"_acf_changed":false,"footnotes":""},"categories":[9],"tags":[],"class_list":["post-12215","post","type-post","status-publish","format-standard","hentry","category-noticias"],"acf":[],"_links":{"self":[{"href":"https:\/\/creapb.org.br\/site\/wp-json\/wp\/v2\/posts\/12215","targetHints":{"allow":["GET"]}}],"collection":[{"href":"https:\/\/creapb.org.br\/site\/wp-json\/wp\/v2\/posts"}],"about":[{"href":"https:\/\/creapb.org.br\/site\/wp-json\/wp\/v2\/types\/post"}],"author":[{"embeddable":true,"href":"https:\/\/creapb.org.br\/site\/wp-json\/wp\/v2\/users\/2"}],"replies":[{"embeddable":true,"href":"https:\/\/creapb.org.br\/site\/wp-json\/wp\/v2\/comments?post=12215"}],"version-history":[{"count":0,"href":"https:\/\/creapb.org.br\/site\/wp-json\/wp\/v2\/posts\/12215\/revisions"}],"wp:attachment":[{"href":"https:\/\/creapb.org.br\/site\/wp-json\/wp\/v2\/media?parent=12215"}],"wp:term":[{"taxonomy":"category","embeddable":true,"href":"https:\/\/creapb.org.br\/site\/wp-json\/wp\/v2\/categories?post=12215"},{"taxonomy":"post_tag","embeddable":true,"href":"https:\/\/creapb.org.br\/site\/wp-json\/wp\/v2\/tags?post=12215"}],"curies":[{"name":"wp","href":"https:\/\/api.w.org\/{rel}","templated":true}]}}