{"id":12263,"date":"2015-10-06T13:35:14","date_gmt":"2015-10-06T16:35:14","guid":{"rendered":"http:\/\/www.creapb.org.br\/?p=12263"},"modified":"2015-10-06T13:35:14","modified_gmt":"2015-10-06T16:35:14","slug":"forum-inovar-e-construir-tem-inicio-nesta-quarta-crea-apoia-o-evento","status":"publish","type":"post","link":"https:\/\/creapb.org.br\/site\/forum-inovar-e-construir-tem-inicio-nesta-quarta-crea-apoia-o-evento\/","title":{"rendered":"F\u00f3rum Inovar e Construir tem in\u00edcio nesta quarta; CREA apoia o evento"},"content":{"rendered":"<p><a href=\"http:\/\/www.creapb.org.br\/creapb-admin\/wp-content\/uploads\/2015\/10\/inovar-e-construir_640.jpg\"><img fetchpriority=\"high\" decoding=\"async\" class=\"alignnone size-full wp-image-12264\" title=\"inovar-e-construir_640\" src=\"http:\/\/www.creapb.org.br\/creapb-admin\/wp-content\/uploads\/2015\/10\/inovar-e-construir_640.jpg\" alt=\"\" width=\"640\" height=\"300\" \/><\/a><\/p>\n<p>Nesta quarta e quinta-feira (7 e 8 de outubro), o Sinduscon-JP promove o F\u00f3rum \u201cINOVAR E CONSTRUIR: SOLU\u00c7\u00d5ES INTELIGENTES PARA O CEN\u00c1RIO ATUAL\u201d. O evento apresenta as discuss\u00f5es acerca das atuais solu\u00e7\u00f5es de constru\u00e7\u00e3o que minimizam os impactos socioambientais, reduzem custos no processo construtivo e proporcionam visibilidade \u00e0s\u00a0empresas.<\/p>\n<p>O CREA-PB \u00e9 um dos apoiadores do evento, que ocorrer\u00e1 no Centro Cultural Ariano Suassuna, no pr\u00e9dio do Tribunal de Contas do Estado (TCE). A presidente do Conselho, Giuc\u00e9lia Figueiredo, elogiou a iniciativa. \u201cDiante da conjuntura atual do nosso estado e pa\u00eds, f\u00f3runs de debate que tragam questionamentos e solu\u00e7\u00f5es capazes de incitar processos eficientes e inovadores na cadeia produtiva da constru\u00e7\u00e3o paraibana s\u00e3o mais que bem vindos. O CREA-PB faz quest\u00e3o de fazer-se presente em eventos desta natureza\u201d<\/p>\n<p>In\u00e9dito na Para\u00edba, o F\u00f3rum tem como p\u00fablico alvo os construtores, incorporadores, empres\u00e1rios, economistas, engenheiros, arquitetos, imobili\u00e1rias, estudantes e p\u00fablico em geral.<\/p>\n<p>De acordo com o Sinduscon, o evento ter\u00e1 carga hor\u00e1ria de 12 horas e ser\u00e1 realizado em formato TEDx, com a apresenta\u00e7\u00e3o de conte\u00fa\u00addos de maneira concisa, acess\u00edvel e com maior intera\u00e7\u00e3o com a assist\u00eancia.<\/p>\n<p>Um dos palestrantes \u00e9 o engenheiro e ex-deputado Carlos Batinga, especialista em engenharia de tr\u00e1fego. O tema de sua palestra est\u00e1 relacionado a esta \u00e1rea de conhecimento: Mobilidade Urbana. Batinga foi um dos homenageados do sistema CONFEA\/CREA na \u00faltima edi\u00e7\u00e3o da Semana Oficial de Engenharia e Agronomia, maior evento da categoria no pa\u00eds. Representando a Para\u00edba, o engenheiro recebeu a Medalha do M\u00e9rito das m\u00e3os da presidente do CREA-PB.<\/p>\n<p>Batinga apresentar\u00e1 algumas considera\u00e7\u00f5es a respeito das obras executadas e das \u00faltimas modifica\u00e7\u00f5es de tr\u00e1fego realizadas na capital paraibana, todas com o intuito de facilitar o tr\u00e2nsito de ve\u00edculos. O engenheiro dever\u00e1 levantar questionamentos sobre o modelo de mobilidade urbana que vem recebendo investimentos em Jo\u00e3o Pessoa e apresentar solu\u00e7\u00f5es eficientes em munic\u00edpios com menos de um milh\u00e3o de habitantes, como a utiliza\u00e7\u00e3o de BRTs e BRS, cujo custo \u00e9 mais baixo que o trem subterr\u00e2neo e a implanta\u00e7\u00e3o \u00e9 mais r\u00e1pida.<\/p>\n<p><a href=\"http:\/\/www.inovareconstruir.com.br\/#!programa--o\/eyxtr\">CLIQUE AQUI PARA VER A PROGRAMA\u00c7\u00c3O DO EVENTO<\/a><\/p>\n<p>As inscri\u00e7\u00f5es online para o F\u00f3rum Inovar e Construir j\u00e1 est\u00e3o encerradas, mas \u00e9 poss\u00edvel inscrever-se presencialmente na sede do Sinduscon-JP ou no local do evento a partir desta quarta \u00e0s 15h. Veja todos os temas e palestrantes:<\/p>\n<p><strong>Temas e palestrantes<\/strong><\/p>\n<p>O Cen\u00e1rio Pol\u00edtico para a Constru\u00e7\u00e3o Civil \u2013 Jos\u00e9 Carlos Martins, Presidente da C\u00e2mara Brasileira da Ind\u00fastria da Constru\u00e7\u00e3o;<\/p>\n<p>Perspectivas para a Constru\u00e7\u00e3o Civil a Curto e M\u00e9dio Prazos \u2013 Celso Petrucci, Economista do Secovi-SP;<\/p>\n<p>Ilumina\u00e7\u00e3o em Tempos de Crise Energ\u00e9tica \u2013 Antonio Carlos Mingroni, Engenheiro, Arquiteto e Membro da ABNT;<\/p>\n<p>Efici\u00eancia: Solu\u00e7\u00e3o para o bom uso da energia \u2013 Raymundo Moniz de Arag\u00e3o, Engenheiro Mec\u00e2nico com P\u00f3s-Gradua\u00e7\u00e3o em Efici\u00eancia Energ\u00e9tica;<\/p>\n<p>Conceito de Edif\u00edcio Inteligente \u2013 Gustavo Luna, Arquiteto e professor da UNB;<\/p>\n<p>Automa\u00e7\u00e3o: A tecnologia incorporada \u2013 Rodrigo de Agra Brito, Engenheiro Eletricista;<\/p>\n<p>Produtividade: Fazer mais com menos \u2013 Nelma Miriam Ara\u00fajo, Engenheira Civil;<\/p>\n<p>Como elevar a produtividade na constru\u00e7\u00e3o civil \u2013 Alana Rodrigues, Engenheira Civil especialista em constru\u00e7\u00e3o seca;<\/p>\n<p>A nova rela\u00e7\u00e3o com a \u00e1gua \u2013 Jo\u00e3o Azevedo, Engenheiro Civil e Secret\u00e1rio de Infra Estrutura, Recursos H\u00eddricos, Meio Ambiente, Ci\u00eancia e Tecnologia do Estado da Para\u00edba;<\/p>\n<p>Fachada Ventilada: Uma solu\u00e7\u00e3o sustent\u00e1vel \u2013 Rosana Yoshida, Arquiteta com P\u00f3s-Gradua\u00e7\u00e3o em Arquitetura Bioclim\u00e1tica;<\/p>\n<p>Mobilidade Humana \u2013 Carlos Batinga, Engenheiro Civil especialista em Engenharia de Tr\u00e1fego;<\/p>\n<p>A intera\u00e7\u00e3o com o entorno \u2013 A\u00edda Pontes, Arquiteta com P\u00f3s-Gradua\u00e7\u00e3o em Engenharia Urbana.<\/p>\n<p>&nbsp;<\/p>\n<p>&nbsp;<\/p>\n","protected":false},"excerpt":{"rendered":"<p>Nesta quarta e quinta-feira (7 e 8 de outubro), o Sinduscon-JP promove o F\u00f3rum \u201cINOVAR E CONSTRUIR: SOLU\u00c7\u00d5ES INTELIGENTES PARA O CEN\u00c1RIO ATUAL\u201d. O evento apresenta as discuss\u00f5es acerca das atuais solu\u00e7\u00f5es de constru\u00e7\u00e3o que minimizam os impactos socioambientais, reduzem custos no processo construtivo e proporcionam visibilidade \u00e0s\u00a0empresas. O CREA-PB \u00e9 um dos apoiadores do evento, que ocorrer\u00e1 no Centro Cultural Ariano Suassuna, no pr\u00e9dio do Tribunal de Contas do Estado (TCE). A presidente do Conselho, Giuc\u00e9lia Figueiredo, elogiou a iniciativa. \u201cDiante da conjuntura atual do nosso estado e pa\u00eds, f\u00f3runs de debate que tragam questionamentos e solu\u00e7\u00f5es capazes de [&hellip;]<\/p>\n","protected":false},"author":2,"featured_media":0,"comment_status":"closed","ping_status":"closed","sticky":false,"template":"","format":"standard","meta":{"_acf_changed":false,"footnotes":""},"categories":[9],"tags":[],"class_list":["post-12263","post","type-post","status-publish","format-standard","hentry","category-noticias"],"acf":[],"_links":{"self":[{"href":"https:\/\/creapb.org.br\/site\/wp-json\/wp\/v2\/posts\/12263","targetHints":{"allow":["GET"]}}],"collection":[{"href":"https:\/\/creapb.org.br\/site\/wp-json\/wp\/v2\/posts"}],"about":[{"href":"https:\/\/creapb.org.br\/site\/wp-json\/wp\/v2\/types\/post"}],"author":[{"embeddable":true,"href":"https:\/\/creapb.org.br\/site\/wp-json\/wp\/v2\/users\/2"}],"replies":[{"embeddable":true,"href":"https:\/\/creapb.org.br\/site\/wp-json\/wp\/v2\/comments?post=12263"}],"version-history":[{"count":0,"href":"https:\/\/creapb.org.br\/site\/wp-json\/wp\/v2\/posts\/12263\/revisions"}],"wp:attachment":[{"href":"https:\/\/creapb.org.br\/site\/wp-json\/wp\/v2\/media?parent=12263"}],"wp:term":[{"taxonomy":"category","embeddable":true,"href":"https:\/\/creapb.org.br\/site\/wp-json\/wp\/v2\/categories?post=12263"},{"taxonomy":"post_tag","embeddable":true,"href":"https:\/\/creapb.org.br\/site\/wp-json\/wp\/v2\/tags?post=12263"}],"curies":[{"name":"wp","href":"https:\/\/api.w.org\/{rel}","templated":true}]}}