{"id":12325,"date":"2015-10-28T12:52:08","date_gmt":"2015-10-28T15:52:08","guid":{"rendered":"http:\/\/www.creapb.org.br\/?p=12325"},"modified":"2015-10-28T12:52:08","modified_gmt":"2015-10-28T15:52:08","slug":"crea-pb-nao-tera-expediente-nesta-sexta-30-e-segunda-feira-2","status":"publish","type":"post","link":"https:\/\/creapb.org.br\/site\/crea-pb-nao-tera-expediente-nesta-sexta-30-e-segunda-feira-2\/","title":{"rendered":"CREA-PB n\u00e3o ter\u00e1 expediente nesta sexta (30) e segunda-feira (2)"},"content":{"rendered":"<p><a href=\"http:\/\/www.creapb.org.br\/creapb-admin\/wp-content\/uploads\/2015\/10\/calendar_pages.jpg\"><img fetchpriority=\"high\" decoding=\"async\" class=\"alignnone size-full wp-image-12326\" title=\"calendar_pages\" src=\"http:\/\/www.creapb.org.br\/creapb-admin\/wp-content\/uploads\/2015\/10\/calendar_pages.jpg\" alt=\"\" width=\"545\" height=\"328\" \/><\/a><\/p>\n<p>Os \u00f3rg\u00e3os p\u00fablicos estaduais transferiram o feriado do Dia do Servidor p\u00fablico do dia 28 de outubro para o dia 30 de outubro. Por isso, na pr\u00f3xima sexta-feira (30), o CREA-PB n\u00e3o ter\u00e1 expediente. No dia 2, feriado nacional do dia de finados, o Regional tamb\u00e9m estar\u00e1 fechado. O conselho retorna \u00e0s atividades normalmente na ter\u00e7a-feira (3), a partir das 8h.<\/p>\n<p>&nbsp;<\/p>\n","protected":false},"excerpt":{"rendered":"<p>Os \u00f3rg\u00e3os p\u00fablicos estaduais transferiram o feriado do Dia do Servidor p\u00fablico do dia 28 de outubro para o dia 30 de outubro. Por isso, na pr\u00f3xima sexta-feira (30), o CREA-PB n\u00e3o ter\u00e1 expediente. No dia 2, feriado nacional do dia de finados, o Regional tamb\u00e9m estar\u00e1 fechado. O conselho retorna \u00e0s atividades normalmente na ter\u00e7a-feira (3), a partir das 8h. &nbsp;<\/p>\n","protected":false},"author":2,"featured_media":0,"comment_status":"closed","ping_status":"closed","sticky":false,"template":"","format":"standard","meta":{"_acf_changed":false,"footnotes":""},"categories":[9],"tags":[],"class_list":["post-12325","post","type-post","status-publish","format-standard","hentry","category-noticias"],"acf":[],"_links":{"self":[{"href":"https:\/\/creapb.org.br\/site\/wp-json\/wp\/v2\/posts\/12325","targetHints":{"allow":["GET"]}}],"collection":[{"href":"https:\/\/creapb.org.br\/site\/wp-json\/wp\/v2\/posts"}],"about":[{"href":"https:\/\/creapb.org.br\/site\/wp-json\/wp\/v2\/types\/post"}],"author":[{"embeddable":true,"href":"https:\/\/creapb.org.br\/site\/wp-json\/wp\/v2\/users\/2"}],"replies":[{"embeddable":true,"href":"https:\/\/creapb.org.br\/site\/wp-json\/wp\/v2\/comments?post=12325"}],"version-history":[{"count":0,"href":"https:\/\/creapb.org.br\/site\/wp-json\/wp\/v2\/posts\/12325\/revisions"}],"wp:attachment":[{"href":"https:\/\/creapb.org.br\/site\/wp-json\/wp\/v2\/media?parent=12325"}],"wp:term":[{"taxonomy":"category","embeddable":true,"href":"https:\/\/creapb.org.br\/site\/wp-json\/wp\/v2\/categories?post=12325"},{"taxonomy":"post_tag","embeddable":true,"href":"https:\/\/creapb.org.br\/site\/wp-json\/wp\/v2\/tags?post=12325"}],"curies":[{"name":"wp","href":"https:\/\/api.w.org\/{rel}","templated":true}]}}