{"id":12328,"date":"2015-10-22T13:20:08","date_gmt":"2015-10-22T16:20:08","guid":{"rendered":"http:\/\/www.creapb.org.br\/?p=12328"},"modified":"2015-10-22T13:20:08","modified_gmt":"2015-10-22T16:20:08","slug":"crea-e-creajr-realizam-palestra-no-iesp","status":"publish","type":"post","link":"https:\/\/creapb.org.br\/site\/crea-e-creajr-realizam-palestra-no-iesp\/","title":{"rendered":"CREA e CREAJr realizam palestra no IESP"},"content":{"rendered":"<p><a href=\"http:\/\/www.creapb.org.br\/creapb-admin\/wp-content\/uploads\/2015\/10\/IMG_17111.jpg\"><img fetchpriority=\"high\" decoding=\"async\" class=\"alignnone size-large wp-image-12331\" title=\"IMG_1711\" src=\"http:\/\/www.creapb.org.br\/creapb-admin\/wp-content\/uploads\/2015\/10\/IMG_17111-1024x576.jpg\" alt=\"\" width=\"640\" height=\"360\" \/><\/a><\/p>\n<p>Na noite de ter\u00e7a-feira (20), o CREAjr e o CREA, representado pelo coordenador da C\u00e2mara Especializada de Engenharia Civil e Agrimensura, Hugo Paiva, esteve presente no Instituto de Educa\u00e7\u00e3o Superior da Para\u00edba &#8211; IESP para ministrar uma palestra informativa aos estudantes de engenharia civil da institui\u00e7\u00e3o.<\/p>\n<div><a href=\"http:\/\/www.creapb.org.br\/creapb-admin\/wp-content\/uploads\/2015\/10\/IMG_1710.jpg\"><img decoding=\"async\" class=\"alignnone size-large wp-image-12329\" title=\"IMG_1710\" src=\"http:\/\/www.creapb.org.br\/creapb-admin\/wp-content\/uploads\/2015\/10\/IMG_1710-1024x576.jpg\" alt=\"\" width=\"640\" height=\"360\" \/><\/a><\/div>\n<div><\/div>\n<div>\n<div>Na ocasi\u00e3o, o engenheiro civil \u00a0exp\u00f4s aos estudantes quest\u00f5es inerentes \u00e0s atividades profissionais, ressaltando que eles ser\u00e3o futuramente os respons\u00e1veis pela condu\u00e7\u00e3o da engenharia paraibana.<\/div>\n<div><\/div>\n<div>O presidente do CREAjr-PB, o acad\u00eamico de engenharia el\u00e9trica, Tiago Medeiros, tamb\u00e9m ressaltou a import\u00e2ncia do programa CREAjr para a sociedade, especialmente no que diz respeito ao empenho em difundir os princ\u00edpios da conduta \u00e9tica e o entendimento da din\u00e2mica do exerc\u00edcio profissional ainda no per\u00edodo acad\u00eamico.<\/div>\n<\/div>\n","protected":false},"excerpt":{"rendered":"<p>Na noite de ter\u00e7a-feira (20), o CREAjr e o CREA, representado pelo coordenador da C\u00e2mara Especializada de Engenharia Civil e Agrimensura, Hugo Paiva, esteve presente no Instituto de Educa\u00e7\u00e3o Superior da Para\u00edba &#8211; IESP para ministrar uma palestra informativa aos estudantes de engenharia civil da institui\u00e7\u00e3o. Na ocasi\u00e3o, o engenheiro civil \u00a0exp\u00f4s aos estudantes quest\u00f5es inerentes \u00e0s atividades profissionais, ressaltando que eles ser\u00e3o futuramente os respons\u00e1veis pela condu\u00e7\u00e3o da engenharia paraibana. O presidente do CREAjr-PB, o acad\u00eamico de engenharia el\u00e9trica, Tiago Medeiros, tamb\u00e9m ressaltou a import\u00e2ncia do programa CREAjr para a sociedade, especialmente no que diz respeito ao empenho em [&hellip;]<\/p>\n","protected":false},"author":2,"featured_media":0,"comment_status":"closed","ping_status":"closed","sticky":false,"template":"","format":"standard","meta":{"_acf_changed":false,"footnotes":""},"categories":[9],"tags":[],"class_list":["post-12328","post","type-post","status-publish","format-standard","hentry","category-noticias"],"acf":[],"_links":{"self":[{"href":"https:\/\/creapb.org.br\/site\/wp-json\/wp\/v2\/posts\/12328","targetHints":{"allow":["GET"]}}],"collection":[{"href":"https:\/\/creapb.org.br\/site\/wp-json\/wp\/v2\/posts"}],"about":[{"href":"https:\/\/creapb.org.br\/site\/wp-json\/wp\/v2\/types\/post"}],"author":[{"embeddable":true,"href":"https:\/\/creapb.org.br\/site\/wp-json\/wp\/v2\/users\/2"}],"replies":[{"embeddable":true,"href":"https:\/\/creapb.org.br\/site\/wp-json\/wp\/v2\/comments?post=12328"}],"version-history":[{"count":0,"href":"https:\/\/creapb.org.br\/site\/wp-json\/wp\/v2\/posts\/12328\/revisions"}],"wp:attachment":[{"href":"https:\/\/creapb.org.br\/site\/wp-json\/wp\/v2\/media?parent=12328"}],"wp:term":[{"taxonomy":"category","embeddable":true,"href":"https:\/\/creapb.org.br\/site\/wp-json\/wp\/v2\/categories?post=12328"},{"taxonomy":"post_tag","embeddable":true,"href":"https:\/\/creapb.org.br\/site\/wp-json\/wp\/v2\/tags?post=12328"}],"curies":[{"name":"wp","href":"https:\/\/api.w.org\/{rel}","templated":true}]}}