{"id":12334,"date":"2015-10-23T12:48:17","date_gmt":"2015-10-23T15:48:17","guid":{"rendered":"http:\/\/www.creapb.org.br\/?p=12334"},"modified":"2015-10-23T12:48:17","modified_gmt":"2015-10-23T15:48:17","slug":"crea-e-mutua-reunem-servidoras-para-palestra-sobre-cancer-de-mama","status":"publish","type":"post","link":"https:\/\/creapb.org.br\/site\/crea-e-mutua-reunem-servidoras-para-palestra-sobre-cancer-de-mama\/","title":{"rendered":"CREA e M\u00daTUA re\u00fanem servidoras para palestra sobre c\u00e2ncer de mama"},"content":{"rendered":"<p>O CREA-PB, em parceria com a M\u00fatua, recebeu na manh\u00e3 desta sexta-feira (23) a mastologista cooperada da Unimed, Tarciane Campos, para uma palestra e debate sobre o c\u00e2ncer de mama, suas causas, preven\u00e7\u00f5es, tratamento, mitos e verdades. As servidoras do Conselho e da Caixa de Assist\u00eancia participaram da a\u00e7\u00e3o, que aconteceu no audit\u00f3rio da M\u00fatua.<\/p>\n<p>A presidente do CREA, Giuc\u00e9lia Figueiredo, afirmou que a reuni\u00e3o das colaboradoras em torno desta tem\u00e1tica \u00e9 uma a\u00e7\u00e3o de cidadania. &#8220;A mensagem que estamos recebendo hoje deve servir como alerta para todas n\u00f3s, mas tamb\u00e9m \u00e9 importante retransmitir o que estamos discutindo hoje para nossos familiares e amigos&#8221;.<\/p>\n<p><a href=\"http:\/\/www.creapb.org.br\/creapb-admin\/wp-content\/uploads\/2015\/10\/outubro-face.jpg\"><img fetchpriority=\"high\" decoding=\"async\" class=\"alignnone  wp-image-12338\" title=\"outubro face\" src=\"http:\/\/www.creapb.org.br\/creapb-admin\/wp-content\/uploads\/2015\/10\/outubro-face.jpg\" alt=\"\" width=\"614\" height=\"461\" \/><\/a><\/p>\n<p>A palestra \u00e9 uma das a\u00e7\u00f5es relacionadas \u00e0 campanha do Outubro Rosa. Durante a abertura, a ouvidora do CREA, Alm\u00e9ria Carniato, ressaltou que o la\u00e7o rosa, s\u00edmbolo do movimento, n\u00e3o \u00e9 um simples adorno, mas um s\u00edmbolo de enfrentamento coletivo do c\u00e2ncer de mama, doen\u00e7a que mais mata mulheres no Brasil.<\/p>\n<p>A m\u00e9dica mastologista Tarciane Campos, presidente da Associa\u00e7\u00e3o Paraibana de Mastologia, lembrou que cerca de 57 mil pessoas recebem diagn\u00f3stico de c\u00e2ncer de mama por ano no pa\u00eds. Em sua fala, ela enfatizou que o autoexame \u00e9 importante, mas n\u00e3o dispensa a realiza\u00e7\u00e3o de mamografias anuais a partir dos 40 anos, j\u00e1 que dificilmente \u00e9 poss\u00edvel identificar n\u00f3dulos em est\u00e1gio inicial apenas com o toque.<\/p>\n<p>&nbsp;<\/p>\n","protected":false},"excerpt":{"rendered":"<p>O CREA-PB, em parceria com a M\u00fatua, recebeu na manh\u00e3 desta sexta-feira (23) a mastologista cooperada da Unimed, Tarciane Campos, para uma palestra e debate sobre o c\u00e2ncer de mama, suas causas, preven\u00e7\u00f5es, tratamento, mitos e verdades. As servidoras do Conselho e da Caixa de Assist\u00eancia participaram da a\u00e7\u00e3o, que aconteceu no audit\u00f3rio da M\u00fatua. A presidente do CREA, Giuc\u00e9lia Figueiredo, afirmou que a reuni\u00e3o das colaboradoras em torno desta tem\u00e1tica \u00e9 uma a\u00e7\u00e3o de cidadania. &#8220;A mensagem que estamos recebendo hoje deve servir como alerta para todas n\u00f3s, mas tamb\u00e9m \u00e9 importante retransmitir o que estamos discutindo hoje para [&hellip;]<\/p>\n","protected":false},"author":2,"featured_media":0,"comment_status":"closed","ping_status":"closed","sticky":false,"template":"","format":"standard","meta":{"_acf_changed":false,"footnotes":""},"categories":[9],"tags":[],"class_list":["post-12334","post","type-post","status-publish","format-standard","hentry","category-noticias"],"acf":[],"_links":{"self":[{"href":"https:\/\/creapb.org.br\/site\/wp-json\/wp\/v2\/posts\/12334","targetHints":{"allow":["GET"]}}],"collection":[{"href":"https:\/\/creapb.org.br\/site\/wp-json\/wp\/v2\/posts"}],"about":[{"href":"https:\/\/creapb.org.br\/site\/wp-json\/wp\/v2\/types\/post"}],"author":[{"embeddable":true,"href":"https:\/\/creapb.org.br\/site\/wp-json\/wp\/v2\/users\/2"}],"replies":[{"embeddable":true,"href":"https:\/\/creapb.org.br\/site\/wp-json\/wp\/v2\/comments?post=12334"}],"version-history":[{"count":0,"href":"https:\/\/creapb.org.br\/site\/wp-json\/wp\/v2\/posts\/12334\/revisions"}],"wp:attachment":[{"href":"https:\/\/creapb.org.br\/site\/wp-json\/wp\/v2\/media?parent=12334"}],"wp:term":[{"taxonomy":"category","embeddable":true,"href":"https:\/\/creapb.org.br\/site\/wp-json\/wp\/v2\/categories?post=12334"},{"taxonomy":"post_tag","embeddable":true,"href":"https:\/\/creapb.org.br\/site\/wp-json\/wp\/v2\/tags?post=12334"}],"curies":[{"name":"wp","href":"https:\/\/api.w.org\/{rel}","templated":true}]}}