{"id":12381,"date":"2015-09-21T22:55:28","date_gmt":"2015-09-22T01:55:28","guid":{"rendered":"http:\/\/www.creapb.org.br\/?p=12381"},"modified":"2015-09-21T22:55:28","modified_gmt":"2015-09-22T01:55:28","slug":"72a-soea-e-encerrada-em-fortaleza-ce-e-sistema-confeacrea-e-mutua-lanca-edicao-do-ano-que-vem-em-foz-do-iguacu","status":"publish","type":"post","link":"https:\/\/creapb.org.br\/site\/72a-soea-e-encerrada-em-fortaleza-ce-e-sistema-confeacrea-e-mutua-lanca-edicao-do-ano-que-vem-em-foz-do-iguacu\/","title":{"rendered":"72\u00aa Soea \u00e9 encerrada em Fortaleza (CE) e Sistema Confea\/Crea e M\u00fatua lan\u00e7a edi\u00e7\u00e3o do ano que vem, em Foz do Igua\u00e7u"},"content":{"rendered":"<p><img decoding=\"async\" src=\"http:\/\/www.mutua.com.br\/images\/jornalismo\/2015\/SETEMBRO\/21-09%20Encerramento%20Soea%20(2).JPG\" alt=\"\" \/><br \/>\n<em>Paulo Guimar\u00e3es no encerramento da 72\u00aa Soea<\/em><\/p>\n<p>Na noite de sexta-feira (18), no palco do audit\u00f3rio central do Centro de Eventos do Cear\u00e1, em Fortaleza, pela septuag\u00e9sima segunda vez, o Sistema Confea\/Crea e M\u00fatua concluiu os trabalhos de uma Semana Oficial da Engenharia e da Agronomia (Soea). Com um tom nacionalista, as diversas categorias da \u00e1rea tecnol\u00f3gica brasileira se uniram para tratar de temas como sustentabilidade, \u00e1gua, energia e inova\u00e7\u00e3o tecnol\u00f3gica. Outros panoramas tamb\u00e9m marcaram essa 72\u00aa edi\u00e7\u00e3o do evento, como equidade de g\u00eanero e combate \u00e0 corrup\u00e7\u00e3o.<\/p>\n<p>Satisfeitos com o sucesso da Soea e agradecidos aos mais de 3,5 mil participantes, os presidentes do Confea, eng. civ. Jos\u00e9 Tadeu da Silva, do Crea-CE, eng. civ. Victor Frota Pinto, e da M\u00fatua, eng. civ. Paulo Roberto de Queiros Guimar\u00e3es, proferiram palavras de reconhecimento, apoio e condecora\u00e7\u00e3o a todas as pessoas envolvidas nesta Soea. \u201cEm nome de toda a delega\u00e7\u00e3o da M\u00fatua, diretores executivos e regionais, ex-diretores e colaboradores, agrade\u00e7o a receptividade do Crea-CE, do povo cearense e em especial ao presidente Victor Frota Pinto. Tamb\u00e9m agrade\u00e7o o presidente do Confea, Jos\u00e9 Tadeu, os conselheiros federais e presidentes de Creas por todo apoio. Parabenizo os mais de 3,5 mil participantes do evento pela efetiva coopera\u00e7\u00e3o nas diversas palestras que tivemos ao longo dessa 72 Soea e agrade\u00e7o as visitas ao estande da M\u00fatua\u201d, disse Paulo Guimar\u00e3es.<\/p>\n<p>O presidente do Confea destacou o trabalho em conjunto como o principal elemento respons\u00e1vel pelo sucesso da 72\u00aa Soea. \u201cHoje, \u00faltimo dia da Semana Oficial da Engenharia e da Agronomia de 2015, entre tantas atividades, uma das primeiras foi agradecer \u00e0s equipes envolvidas com a organiza\u00e7\u00e3o e a operacionaliza\u00e7\u00e3o do evento que, como um time de 160 jogadores, trabalhou duro e com compet\u00eancia para superar os empecilhos de \u00faltima hora, encarando esse desafio\u201d, afirmou.<\/p>\n<p>Como a solenidade tamb\u00e9m marcou o lan\u00e7amento da Semana Oficial da Engenharia e da Agronomia de 2016, o presidente da M\u00fatua, fazendo refer\u00eancia ao presidente do Crea-PR, Joel Kruger, desejo \u00eaxito \u00e0 pr\u00f3xima Semana Oficial da Engenharia e da Agronomia, que ser\u00e1 em Foz do Igua\u00e7u. \u201cEstimo que se repita o sucesso que alcan\u00e7amos aqui em Fortaleza\u201d, concluiu.<\/p>\n<p>Ao final de cada Soea, \u00e9 tradi\u00e7\u00e3o os presidentes dos Creas anfitri\u00e3o e futuro anfitri\u00e3o dividirem a Bandeira do evento com o presidente do Confea. Ao encerrar a Semana hospedada no Cear\u00e1, o presidente do Crea cearense, Victor Frota, demonstrou satisfa\u00e7\u00e3o com todos que puderam de alguma forma, trazer cultura e conhecimento para incrementar curr\u00edculos e carreiras profissionais. \u201cChegar ao final de um evento como esse, sabendo de todas as dificuldades que tivemos que enfrentar, considero que o evento foi bel\u00edssimo e de grande valia para o estado do Cear\u00e1 e principalmente para o Sistema Confea\/Crea e Mutua\u201d, destacou.<\/p>\n<p>Evidenciando o carisma paranaense, Joel Kr\u00fcger, presidente do Crea-PR, deu os primeiros passos rumo \u00e0 73\u00aa Soea ao afirmar que pretende priorizar integra\u00e7\u00e3o, harmonia e parcerias. \u201cA Soea \u00e9 um evento \u00fanico, uma oportunidade \u00edmpar para a integra\u00e7\u00e3o do nosso Sistema multiprofissional. \u00c9 o momento onde podemos trocar ideias, experi\u00eancias, cooperar e agir em parceria\u201d, concluiu. O pr\u00f3ximo estado anfitri\u00e3o da Semana possui uma das maiores obras de engenharia do mundo: a Usina Hidrel\u00e9trica de Itaipu, a maior geradora de energia limpa e renov\u00e1vel do planeta.<\/p>\n<p><img decoding=\"async\" src=\"http:\/\/www.mutua.com.br\/images\/jornalismo\/2015\/SETEMBRO\/lancamento%20soea%20Foz.jpg\" alt=\"\" \/><br \/>\n<em>Delega\u00e7\u00e3o do Crea-PR: rumo \u00e0 Foz do Igua\u00e7u<\/em><\/p>\n<p><strong>Manifesto contra a corrup\u00e7\u00e3o<\/strong><\/p>\n<p>Mais de 3,5 mil profissionais da Engenharia e da Agronomia se unem na luta contra a corrup\u00e7\u00e3o no Brasil. \u201cO Sistema Confea\/Crea e M\u00fatua se soma \u00e0s iniciativas de combate \u00e0 corrup\u00e7\u00e3o que assola o pa\u00eds e vem se pautando no sentido de difundir as dez medidas de combate \u00e0 corrup\u00e7\u00e3o definidas pelo Minist\u00e9rio P\u00fablico Federal\u201d, afirmou o presidente do Confea, Jos\u00e9 Tadeu da Silva, antes de citar um a um os passos a serem seguidos para \u201ca constru\u00e7\u00e3o n\u00e3o s\u00f3 de um pa\u00eds, mas de uma na\u00e7\u00e3o com toda a carga que o conceito encerra\u201d. Assim terminou a 72\u00aa edi\u00e7\u00e3o da Semana Oficial da Engenharia e da Agronomia.<\/p>\n<p>Durante o discurso, Jos\u00e9 Tadeu da Silva conclamou os presentes a assinarem o documento de apoio \u00e0 campanha das dez medidas contra a corrup\u00e7\u00e3o. \u201cNosso objetivo \u00e9 atingir 1,5 milh\u00e3o de assinaturas em todo o pa\u00eds\u201d.<\/p>\n<p><a href=\"http:\/\/www.peticaopublica.com.br\/pview.aspx?pi=BR84936\">ASSINE O ABAIXO ASSINADO CONTRA A CORRUP\u00c7\u00c3O<\/a><\/p>\n<p>O apoio dos profissionais da Engenharia e da Agronomia \u00e0 causa da anticorrup\u00e7\u00e3o tamb\u00e9m est\u00e1 registrado na Carta de Fortaleza, que, na solenidade de encerramento, foi apresentada pelo coordenador do Col\u00e9gio de Entidades Nacionais (Cden), Jorge Nei Brito. \u201cTrata-se de uma iniciativa que n\u00e3o possui qualquer vincula\u00e7\u00e3o pol\u00edtico-partid\u00e1ria; mas apoiamos toda a\u00e7\u00e3o que permita \u00e0s institui\u00e7\u00f5es nacionais exercerem suas atividades de maneira \u00edntegra, privilegiando os valores \u00e9ticos e morais e contribuindo para a constru\u00e7\u00e3o de uma sociedade mais justa, usando para isso a for\u00e7a do nosso Sistema Confea\/Crea e M\u00fatua\u201d. A inclus\u00e3o do apoio \u00e0s medidas contra corrup\u00e7\u00e3o e impunidade na Carta Declarat\u00f3ria da 72\u00aa Soea representa uma resposta do Sistema ao pa\u00eds.<\/p>\n<p>A Carta tamb\u00e9m menciona medidas referentes aos assuntos debatidos no evento: sustentabilidade, \u00e1gua, energia e inova\u00e7\u00e3o tecnol\u00f3gica. \u201cS\u00e3o temas que representam quest\u00f5es estrat\u00e9gicas para qualquer ramo de atividade, seja ela p\u00fablica ou privada\u201d, enfatizou.<\/p>\n<p><a href=\"http:\/\/www.confea.org.br\/media\/CARTADECLARATORIADA72SOEA.pdf\">LEIA A CARTA NA \u00cdNTEGRA\u00a0<\/a><\/p>\n<p><strong>Homenagem ao governador do CE<\/strong><\/p>\n<p>Antecedendo a solenidade de encerramento, Jos\u00e9 Tadeu, Victor Frota e Paulo Guimar\u00e3es recepcionaram o governador do estado do Cear\u00e1, Camilo Santana, que \u00e9 engenheiro agr\u00f4nomo. O chefe de poder executivo estadual recebeu homenagem do Sistema Confea\/Crea e M\u00fatua, por ser o primeiro profissional a ocupar o cargo. \u201cVoc\u00eas n\u00e3o imaginam o desafio que \u00e9 ser governador de um estado no semi\u00e1rido nordestino. Gostaria de parabenizar o tema escolhido para essa 72\u00aa Soea. Estamos no quarto ano consecutivo de seca, por isso precisamos inovar e apostar em tecnologias\u201d, destacou Camilo Santana.<\/p>\n<p><img decoding=\"async\" src=\"http:\/\/www.mutua.com.br\/images\/jornalismo\/2015\/SETEMBRO\/21-09%20Encerramento%20Soea%20(1).JPG\" alt=\"\" \/><br \/>\n<em>Jos\u00e9 Tadeu, presidente do Confea, Camilo Santana, governador do CE, Ciro Gomes, ex-ministro e atual diretor-presidente da Transnordestina, Victor Frota, presidente do Crea-CE, e Paulo Guimar\u00e3es, presidente da M\u00fatua<\/em><\/p>\n<p>&nbsp;<\/p>\n<p><strong>Fonte: Acme\/M\u00fatua (com informa\u00e7\u00f5es da equipe de jornalismo da 72\u00aa Soea)<\/strong><\/p>\n<p><strong>Fotos: Hugo Oliveira (Acme\/M\u00fatua) e Equipe de fot\u00f3grafos da 72\u00aa Soea<\/strong><\/p>\n","protected":false},"excerpt":{"rendered":"<p>Paulo Guimar\u00e3es no encerramento da 72\u00aa Soea Na noite de sexta-feira (18), no palco do audit\u00f3rio central do Centro de Eventos do Cear\u00e1, em Fortaleza, pela septuag\u00e9sima segunda vez, o Sistema Confea\/Crea e M\u00fatua concluiu os trabalhos de uma Semana Oficial da Engenharia e da Agronomia (Soea). Com um tom nacionalista, as diversas categorias da \u00e1rea tecnol\u00f3gica brasileira se uniram para tratar de temas como sustentabilidade, \u00e1gua, energia e inova\u00e7\u00e3o tecnol\u00f3gica. Outros panoramas tamb\u00e9m marcaram essa 72\u00aa edi\u00e7\u00e3o do evento, como equidade de g\u00eanero e combate \u00e0 corrup\u00e7\u00e3o. Satisfeitos com o sucesso da Soea e agradecidos aos mais de 3,5 [&hellip;]<\/p>\n","protected":false},"author":2,"featured_media":0,"comment_status":"closed","ping_status":"closed","sticky":false,"template":"","format":"standard","meta":{"_acf_changed":false,"footnotes":""},"categories":[9],"tags":[],"class_list":["post-12381","post","type-post","status-publish","format-standard","hentry","category-noticias"],"acf":[],"_links":{"self":[{"href":"https:\/\/creapb.org.br\/site\/wp-json\/wp\/v2\/posts\/12381","targetHints":{"allow":["GET"]}}],"collection":[{"href":"https:\/\/creapb.org.br\/site\/wp-json\/wp\/v2\/posts"}],"about":[{"href":"https:\/\/creapb.org.br\/site\/wp-json\/wp\/v2\/types\/post"}],"author":[{"embeddable":true,"href":"https:\/\/creapb.org.br\/site\/wp-json\/wp\/v2\/users\/2"}],"replies":[{"embeddable":true,"href":"https:\/\/creapb.org.br\/site\/wp-json\/wp\/v2\/comments?post=12381"}],"version-history":[{"count":0,"href":"https:\/\/creapb.org.br\/site\/wp-json\/wp\/v2\/posts\/12381\/revisions"}],"wp:attachment":[{"href":"https:\/\/creapb.org.br\/site\/wp-json\/wp\/v2\/media?parent=12381"}],"wp:term":[{"taxonomy":"category","embeddable":true,"href":"https:\/\/creapb.org.br\/site\/wp-json\/wp\/v2\/categories?post=12381"},{"taxonomy":"post_tag","embeddable":true,"href":"https:\/\/creapb.org.br\/site\/wp-json\/wp\/v2\/tags?post=12381"}],"curies":[{"name":"wp","href":"https:\/\/api.w.org\/{rel}","templated":true}]}}