{"id":12388,"date":"2015-09-15T22:03:11","date_gmt":"2015-09-16T01:03:11","guid":{"rendered":"http:\/\/www.creapb.org.br\/?p=12388"},"modified":"2015-09-15T22:03:11","modified_gmt":"2015-09-16T01:03:11","slug":"72a-soea-tem-estande-energias-renovaveis-da-mutua","status":"publish","type":"post","link":"https:\/\/creapb.org.br\/site\/72a-soea-tem-estande-energias-renovaveis-da-mutua\/","title":{"rendered":"72\u00aa Soea tem estande \u201cEnergias Renov\u00e1veis\u201d da M\u00fatua"},"content":{"rendered":"<p><img decoding=\"async\" src=\"http:\/\/www.mutua.com.br\/images\/jornalismo\/2015\/SETEMBRO\/banne72soea_junho_mutua_0002.png\" alt=\"\" \/>O maior encontro dos profissionais da \u00e1rea Tecnol\u00f3gica nacional, a Semana Oficial da Engenharia e da Agronomia (Soea),tem sua 72\u00aa edi\u00e7\u00e3o promovida pelo sistema Confea\/Crea e M\u00fatua, de 15 a 18 de setembro no Centro de Eventos do Cear\u00e1, em Fortaleza.<\/p>\n<p>Com expectativa de receber mais de tr\u00eas mil pessoas e sob a \u00f3tica do tema \u201cSustentabilidade: \u00c1gua, Energia e Inova\u00e7\u00e3o Tecnol\u00f3gica\u201d, o evento trar\u00e1 debates sobre solu\u00e7\u00f5es para quest\u00f5es ligadas ao desenvolvimento nacional, sustentabilidade e as profiss\u00f5es do Sistema.<\/p>\n<p>O diretor-presidente da M\u00fatua, eng. civ. Paulo Roberto de Queiroz Guimar\u00e3es, explica a relev\u00e2ncia da Soea para a M\u00fatua: \u201c\u00c9 o momento em que podemos apresentar para os participantes as inova\u00e7\u00f5es, novos benef\u00edcios e o quanto a M\u00fatua tem evolu\u00eddo desde sua cria\u00e7\u00e3o, principalmente nos \u00faltimos 12 anos. Nesse sentido, essas conquistas ser\u00e3o apresentadas no nosso estande e tamb\u00e9m nas reuni\u00f5es que realizaremos com nossos diretores regionais e com as delega\u00e7\u00f5es dos Creas e Caixas\u201d.<\/p>\n<p>Sendo essa a primeira Soea da nova Diretoria Executiva da M\u00fatua, e aproveitando tamb\u00e9m que estar\u00e3o presentes todos os diretores de Caixas, Paulo Guimar\u00e3es explica que a Semana tamb\u00e9m servir\u00e1 para o levantamento de propostas das Regionais. \u201cPosteriormente essas propostas ser\u00e3o analisadas para definirmos o que pode ser incorporado nesses tr\u00eas anos da gest\u00e3o\u201d, ressalta o presidente da M\u00fatua.<\/p>\n<p>\u201cA 72\u00aa Soea ser\u00e1 o marco inicial dessa nova Diretoria Executiva da M\u00fatua. Vamos come\u00e7ar com o p\u00e9 direito, pois j\u00e1 na terceira semana da gest\u00e3o estaremos na Soea em contato com todas as pessoas que podem nos ajudar a alcan\u00e7ar nossos objetivos para a M\u00fatua no tri\u00eanio\u201d, comenta o diretor de Benef\u00edcios da M\u00fatua, eng. civ. Jorge Silveira. Para ele, outro ponto que deve ser lembrando ao se falar de Soea \u00e9 novo perfil do evento: \u201cSeguiremos este ano com o novo modelo de Soea, iniciado no ano passado em Teresina, e tenho certeza que o evento este ano tamb\u00e9m ser\u00e1 um sucesso pelo belo trabalho desenvolvido por toda a equipe da organiza\u00e7\u00e3o e pela a estrutura do Centro de Conven\u00e7\u00f5es do Cear\u00e1\u201d, avalia Jorge Silveira.<\/p>\n<p>Pela participa\u00e7\u00e3o maci\u00e7a dos profissionais e estudantes da \u00e1rea tecnol\u00f3gica, o diretor financeiro da M\u00fatua, eng. civ, Gerson Taguatinga acredita que a Semana Oficial da Engenharia e da Agronomia \u00e9 o principal espa\u00e7o de debate dos tema mais expressivos do Sistema. \u201cPara a M\u00fatua, a Soea representa uma vitrine dos seus produtos e servi\u00e7os e, tamb\u00e9m, um momento em que a Caixa de Assist\u00eancia pode estar mais pr\u00f3xima dos profissionais &#8211; mutualistas ou n\u00e3o -, recebendo, inclusive, o retorno deles sobre o seu trabalho e tamb\u00e9m as demandas de cada um\u201d, completa Taguatinga.<\/p>\n<p>A expectativa de que a 72\u00aa Soea seja um evento agregador de conhecimentos e uma oportunidade de troca de experi\u00eancias, tamb\u00e9m foi refor\u00e7ada pelo diretor administrativo da M\u00fatua, eng. civ., mec. e de Seg. do Trab. Julio Fialkoski. Salientando o papel assistencial da Institui\u00e7\u00e3o, o diretor mencionou que espera receber muitos congressistas no estande da M\u00fatua na ExpoSoea e deseja que todos saiam de l\u00e1 satisfeitos. \u201cN\u00f3s da M\u00fatua estaremos presentes para atendimento aos profissionais, ampliando nosso quadro associativo e demonstrando nossa capacidade de apoio e amparo \u00e0s suas necessidades, conforme preceitua a Lei 6496\u201d, afirma Fialkoski.<\/p>\n<p>Mostrando sincronia com os demais diretores executivos, o diretor de Tecnologia da M\u00fatua, eng. civ. Marcelo Morais, tamb\u00e9m enfatiza que a 72\u00aa Soea servir\u00e1 para a M\u00fatua compilar sugest\u00f5es e projetos que poder\u00e3o compor o plano de trabalho dessa gest\u00e3o. Conforme ele assinalou, a expectativa \u00e9 \u201ccolher as observa\u00e7\u00f5es dos mais de 3 mil participantes do evento, para que sejam incorporadas ao dia a dia da Institui\u00e7\u00e3o.\u201d Marcelo Morais foi um dos anfitri\u00f5es da edi\u00e7\u00e3o passada da Soea e acredita que o sucesso se repetir\u00e1 neste ano. \u201cFui um dos propositores para que a 71\u00aa Soea fosse realizada no Piau\u00ed e tivemos um grande evento, que foi bastante elogiado. Tenho certeza que neste ano, no Cear\u00e1, vamos ter uma Semana de Engenharia ainda melhor, devido \u00e0 estrutura da cidade e do Centro de Conven\u00e7\u00f5es\u201d, avalia.<\/p>\n<p><strong>Benef\u00edcios que renovam suas energias<\/strong><\/p>\n<p>A M\u00fatua mais uma vez participa de toda a programa\u00e7\u00e3o do evento com sua delega\u00e7\u00e3o, que ser\u00e1 composta pelos cinco diretores executivos da Institui\u00e7\u00e3o e os 81 diretores regionais das Caixas de todos os estados. A M\u00fatua tamb\u00e9m integrar\u00e1 a ExpoSoea com estande especial, de 200 metros.<\/p>\n<p>Abordando a tem\u00e1tica \u201cEnergias Renov\u00e1veis\u201d, a M\u00fatua levar\u00e1 para a feira\u00a0 o slogan \u201cBenef\u00edcios que renovam suas energias\u201d, refor\u00e7ando a import\u00e2ncia de seus benef\u00edcios para a qualidade de vida dos profissionais. O mote do estande da M\u00fatua tamb\u00e9m segue \u00e0 premissa central da Semana, com o conceito energias renov\u00e1veis. Atrav\u00e9s da dissemina\u00e7\u00e3o de novas ideias, do debate e da valoriza\u00e7\u00e3o do profissional, a M\u00fatua acredita \u00e9 poss\u00edvel o desenvolvimento sem que haja preju\u00edzos para a sociedade.<\/p>\n<p>No estande da M\u00fatua estar\u00e3o dispon\u00edveis todos os servi\u00e7os para quem j\u00e1 \u00e9 associado, al\u00e9m de promo\u00e7\u00f5es disponibilizadas por parceiros, cortesias e muito mais. Para os profissionais que ainda n\u00e3o s\u00e3o mutualistas ser\u00e1 poss\u00edvel a efetiva\u00e7\u00e3o da inscri\u00e7\u00e3o na Caixa de Assist\u00eancia.<\/p>\n<p>O estande da M\u00fatua receber\u00e1 o ex-diretor da Institui\u00e7\u00e3o, eng. agr. Ricardo Veiga, para lan\u00e7amento especial do seu livro \u201cFCA, 50 ANOS \u2013 Reminisc\u00eancias\u201d, com relatos dos principais fatos da hist\u00f3ria da Faculdade de Ci\u00eancias Agron\u00f4micas do Campus de Botucatu, da Universidade Estadual Paulista (Unesp).<\/p>\n<p><strong>Solenidade de posse da Nova Diretoria Executiva da M\u00fatua<\/strong><\/p>\n<p>Tamb\u00e9m ser\u00e1 realizada a\u00a0 posse solene dos novos diretores executivos da M\u00fatua, durante a abertura da Soea. Ainda na programa\u00e7\u00e3o espec\u00edfica da M\u00fatua, ser\u00e1 promovida reuni\u00e3o entre as delega\u00e7\u00f5es dos Creas e das Caixas, que v\u00e3o para o evento com o apoio de conv\u00eanios com a M\u00fatua, e a Diretoria Executiva da Institui\u00e7\u00e3o. Na ocasi\u00e3o, os diretores apresentar\u00e3o as propostas de cada \u00e1rea, projetos regionais das Caixas de Assist\u00eancia, bem como melhorias nos benef\u00edcios para os associados.<\/p>\n<p><strong>M\u00fatua firma conv\u00eanios com Creas para viabilizar participa\u00e7\u00e3o de profissionais na 72\u00aa Soea<\/strong><\/p>\n<p>A M\u00fatua firmou conv\u00eanios com os Creas para incentivo \u00e0 participa\u00e7\u00e3o de profissionais na 72\u00aa Semana Oficial da Engenharia e da Agronomia (Soea).<\/p>\n<p>Pela parceria, a M\u00fatua disponibiliza verba aos Creas para despesas com custeio de deslocamento e di\u00e1rias de sua delega\u00e7\u00e3o no evento e, em contrapartida, o Conselho realiza a\u00e7\u00f5es de divulga\u00e7\u00e3o da M\u00fatua.<\/p>\n<p><strong>Contecc<\/strong><\/p>\n<p>A Semana Oficial ter\u00e1 ainda, a segunda edi\u00e7\u00e3o do Contec (Congresso T\u00e9cnico Cient\u00edfico da Engenharia e da Agronomia), evento que busca divulgar os trabalhos cient\u00edficos desenvolvidos nas mais diversas institui\u00e7\u00f5es brasileiras. Com o apoio da M\u00fatua, o Contecc integra sess\u00f5es com trabalhos t\u00e9cnico-cient\u00edficos, confer\u00eancias e palestras de especialistas, entre outras reuni\u00f5es o evento \u00e9 uma oportunidade a para troca de experi\u00eancias e discuss\u00f5es sobre as oportunidades profissionais voltadas \u00e0 Engenharia e \u00e0 Agronomia.<\/p>\n<p>&nbsp;<\/p>\n<p><strong>Fonte: Acme\/M\u00fatua<\/strong><\/p>\n","protected":false},"excerpt":{"rendered":"<p>O maior encontro dos profissionais da \u00e1rea Tecnol\u00f3gica nacional, a Semana Oficial da Engenharia e da Agronomia (Soea),tem sua 72\u00aa edi\u00e7\u00e3o promovida pelo sistema Confea\/Crea e M\u00fatua, de 15 a 18 de setembro no Centro de Eventos do Cear\u00e1, em Fortaleza. Com expectativa de receber mais de tr\u00eas mil pessoas e sob a \u00f3tica do tema \u201cSustentabilidade: \u00c1gua, Energia e Inova\u00e7\u00e3o Tecnol\u00f3gica\u201d, o evento trar\u00e1 debates sobre solu\u00e7\u00f5es para quest\u00f5es ligadas ao desenvolvimento nacional, sustentabilidade e as profiss\u00f5es do Sistema. O diretor-presidente da M\u00fatua, eng. civ. Paulo Roberto de Queiroz Guimar\u00e3es, explica a relev\u00e2ncia da Soea para a M\u00fatua: \u201c\u00c9 [&hellip;]<\/p>\n","protected":false},"author":2,"featured_media":0,"comment_status":"closed","ping_status":"closed","sticky":false,"template":"","format":"standard","meta":{"_acf_changed":false,"footnotes":""},"categories":[9],"tags":[],"class_list":["post-12388","post","type-post","status-publish","format-standard","hentry","category-noticias"],"acf":[],"_links":{"self":[{"href":"https:\/\/creapb.org.br\/site\/wp-json\/wp\/v2\/posts\/12388","targetHints":{"allow":["GET"]}}],"collection":[{"href":"https:\/\/creapb.org.br\/site\/wp-json\/wp\/v2\/posts"}],"about":[{"href":"https:\/\/creapb.org.br\/site\/wp-json\/wp\/v2\/types\/post"}],"author":[{"embeddable":true,"href":"https:\/\/creapb.org.br\/site\/wp-json\/wp\/v2\/users\/2"}],"replies":[{"embeddable":true,"href":"https:\/\/creapb.org.br\/site\/wp-json\/wp\/v2\/comments?post=12388"}],"version-history":[{"count":0,"href":"https:\/\/creapb.org.br\/site\/wp-json\/wp\/v2\/posts\/12388\/revisions"}],"wp:attachment":[{"href":"https:\/\/creapb.org.br\/site\/wp-json\/wp\/v2\/media?parent=12388"}],"wp:term":[{"taxonomy":"category","embeddable":true,"href":"https:\/\/creapb.org.br\/site\/wp-json\/wp\/v2\/categories?post=12388"},{"taxonomy":"post_tag","embeddable":true,"href":"https:\/\/creapb.org.br\/site\/wp-json\/wp\/v2\/tags?post=12388"}],"curies":[{"name":"wp","href":"https:\/\/api.w.org\/{rel}","templated":true}]}}