{"id":12465,"date":"2015-12-04T22:04:47","date_gmt":"2015-12-05T01:04:47","guid":{"rendered":"http:\/\/www.creapb.org.br\/?p=12465"},"modified":"2015-12-04T22:04:47","modified_gmt":"2015-12-05T01:04:47","slug":"giucelia-participa-de-reuniao-da-fisenge-pelo-manifesto-compromisso-pelo-desenvolvimento","status":"publish","type":"post","link":"https:\/\/creapb.org.br\/site\/giucelia-participa-de-reuniao-da-fisenge-pelo-manifesto-compromisso-pelo-desenvolvimento\/","title":{"rendered":"Giuc\u00e9lia participa de reuni\u00e3o da Fisenge pelo Manifesto &#8221; Compromisso pelo Desenvolvimento&#8221;"},"content":{"rendered":"<p><a href=\"http:\/\/www.creapb.org.br\/creapb-admin\/wp-content\/uploads\/2015\/12\/fisenge.jpg\"><img fetchpriority=\"high\" decoding=\"async\" class=\"alignnone  wp-image-12466\" title=\"fisenge\" src=\"http:\/\/www.creapb.org.br\/creapb-admin\/wp-content\/uploads\/2015\/12\/fisenge.jpg\" alt=\"\" width=\"672\" height=\"504\" \/><\/a><\/p>\n<p>Presidentes do CREA e SENGE\/PB participam de reuni\u00e3o da FISENGE (Federa\u00e7\u00e3o Intersindical dos Sindicatos dos Engenheiros). O Conselho deliberativo da entidade debateu hoje (4) diversos assuntos de interesse da categoria. Para o Eng. Rubens Tadeu , presidente do SENGE , entre as delibera\u00e7\u00f5es, a mais importante foi a subscri\u00e7\u00e3o da FISENGE , representando os sindicatos , ao Manifesto &#8221; Compromisso pelo Desenvolvimento&#8221;, que representa o esfor\u00e7o de diversas entidades da sociedade civil e do setor produtivo na mobiliza\u00e7\u00e3o em torno de uma agenda que construa a mais r\u00e1pida transi\u00e7\u00e3o para a retomada do desenvolvimento econ\u00f4mico e social em m\u00e9dio e longo prazo com sustentatibilidade ambiental .<br \/>\nPara a Presidente do CREA , Enga. Giucelia Figueiredo , \u00e9 imprescind\u00edvel mobilizar a vontade coletiva para viabilizar um modelo de desenvolvimento com valoriza\u00e7\u00e3o da produ\u00e7\u00e3o e do trabalho . Para isso, \u00e9 preciso promover mudan\u00e7as , sobretudo no sentido de priorizar o setor produtivo e n\u00e3o o capital especulativo .<\/p>\n","protected":false},"excerpt":{"rendered":"<p>Presidentes do CREA e SENGE\/PB participam de reuni\u00e3o da FISENGE (Federa\u00e7\u00e3o Intersindical dos Sindicatos dos Engenheiros). O Conselho deliberativo da entidade debateu hoje (4) diversos assuntos de interesse da categoria. Para o Eng. Rubens Tadeu , presidente do SENGE , entre as delibera\u00e7\u00f5es, a mais importante foi a subscri\u00e7\u00e3o da FISENGE , representando os sindicatos , ao Manifesto &#8221; Compromisso pelo Desenvolvimento&#8221;, que representa o esfor\u00e7o de diversas entidades da sociedade civil e do setor produtivo na mobiliza\u00e7\u00e3o em torno de uma agenda que construa a mais r\u00e1pida transi\u00e7\u00e3o para a retomada do desenvolvimento econ\u00f4mico e social em m\u00e9dio e [&hellip;]<\/p>\n","protected":false},"author":2,"featured_media":0,"comment_status":"closed","ping_status":"closed","sticky":false,"template":"","format":"standard","meta":{"_acf_changed":false,"footnotes":""},"categories":[9],"tags":[],"class_list":["post-12465","post","type-post","status-publish","format-standard","hentry","category-noticias"],"acf":[],"_links":{"self":[{"href":"https:\/\/creapb.org.br\/site\/wp-json\/wp\/v2\/posts\/12465","targetHints":{"allow":["GET"]}}],"collection":[{"href":"https:\/\/creapb.org.br\/site\/wp-json\/wp\/v2\/posts"}],"about":[{"href":"https:\/\/creapb.org.br\/site\/wp-json\/wp\/v2\/types\/post"}],"author":[{"embeddable":true,"href":"https:\/\/creapb.org.br\/site\/wp-json\/wp\/v2\/users\/2"}],"replies":[{"embeddable":true,"href":"https:\/\/creapb.org.br\/site\/wp-json\/wp\/v2\/comments?post=12465"}],"version-history":[{"count":0,"href":"https:\/\/creapb.org.br\/site\/wp-json\/wp\/v2\/posts\/12465\/revisions"}],"wp:attachment":[{"href":"https:\/\/creapb.org.br\/site\/wp-json\/wp\/v2\/media?parent=12465"}],"wp:term":[{"taxonomy":"category","embeddable":true,"href":"https:\/\/creapb.org.br\/site\/wp-json\/wp\/v2\/categories?post=12465"},{"taxonomy":"post_tag","embeddable":true,"href":"https:\/\/creapb.org.br\/site\/wp-json\/wp\/v2\/tags?post=12465"}],"curies":[{"name":"wp","href":"https:\/\/api.w.org\/{rel}","templated":true}]}}