{"id":12612,"date":"2016-02-26T13:52:13","date_gmt":"2016-02-26T16:52:13","guid":{"rendered":"http:\/\/www.creapb.org.br\/?p=12612"},"modified":"2016-02-26T13:52:13","modified_gmt":"2016-02-26T16:52:13","slug":"sinduscon-jp-promove-encontro-sobre-gestao-e-lideranca-feminina","status":"publish","type":"post","link":"https:\/\/creapb.org.br\/site\/sinduscon-jp-promove-encontro-sobre-gestao-e-lideranca-feminina\/","title":{"rendered":"Sinduscon-JP promove encontro sobre gest\u00e3o e lideran\u00e7a feminina"},"content":{"rendered":"<p><a href=\"http:\/\/www.creapb.org.br\/creapb-admin\/wp-content\/uploads\/2016\/02\/Convite-Hotel-21.jpg\"><img fetchpriority=\"high\" decoding=\"async\" class=\"alignnone  wp-image-12614\" title=\"Convite Hotel 2\" src=\"http:\/\/www.creapb.org.br\/creapb-admin\/wp-content\/uploads\/2016\/02\/Convite-Hotel-21.jpg\" alt=\"\" width=\"732\" height=\"518\" \/><\/a><\/p>\n<p>Em comemora\u00e7\u00e3o ao Dia da Mulher, o Sinduscon-Jp promove, no dia 8 de mar\u00e7o, um evento sobre gest\u00e3o e lideran\u00e7a feminina. O encontro ocorrer\u00e1 no Audit\u00f3rio do sindicato, a partir das 8h da manh\u00e3.<\/p>\n<p>Haver\u00e1 um caf\u00e9 da manh\u00e3 e palestras ministradas por mulheres com experi\u00eancia no tema do evento. A presidente do Crea-PB, Giuc\u00e9lia Figueiredo, ser\u00e1 uma das palestrantes e falar\u00e1 sobre a lideran\u00e7a feminina nas organiza\u00e7\u00f5es e sobre a mulher e o poder pol\u00edtico.<\/p>\n<p>Para maiores informa\u00e7\u00f5es: sinduscon@sindusconjp.com.br<\/p>\n<p>&nbsp;<\/p>\n","protected":false},"excerpt":{"rendered":"<p>Em comemora\u00e7\u00e3o ao Dia da Mulher, o Sinduscon-Jp promove, no dia 8 de mar\u00e7o, um evento sobre gest\u00e3o e lideran\u00e7a feminina. O encontro ocorrer\u00e1 no Audit\u00f3rio do sindicato, a partir das 8h da manh\u00e3. Haver\u00e1 um caf\u00e9 da manh\u00e3 e palestras ministradas por mulheres com experi\u00eancia no tema do evento. A presidente do Crea-PB, Giuc\u00e9lia Figueiredo, ser\u00e1 uma das palestrantes e falar\u00e1 sobre a lideran\u00e7a feminina nas organiza\u00e7\u00f5es e sobre a mulher e o poder pol\u00edtico. Para maiores informa\u00e7\u00f5es: sinduscon@sindusconjp.com.br &nbsp;<\/p>\n","protected":false},"author":2,"featured_media":0,"comment_status":"closed","ping_status":"closed","sticky":false,"template":"","format":"standard","meta":{"_acf_changed":false,"footnotes":""},"categories":[9],"tags":[],"class_list":["post-12612","post","type-post","status-publish","format-standard","hentry","category-noticias"],"acf":[],"_links":{"self":[{"href":"https:\/\/creapb.org.br\/site\/wp-json\/wp\/v2\/posts\/12612","targetHints":{"allow":["GET"]}}],"collection":[{"href":"https:\/\/creapb.org.br\/site\/wp-json\/wp\/v2\/posts"}],"about":[{"href":"https:\/\/creapb.org.br\/site\/wp-json\/wp\/v2\/types\/post"}],"author":[{"embeddable":true,"href":"https:\/\/creapb.org.br\/site\/wp-json\/wp\/v2\/users\/2"}],"replies":[{"embeddable":true,"href":"https:\/\/creapb.org.br\/site\/wp-json\/wp\/v2\/comments?post=12612"}],"version-history":[{"count":0,"href":"https:\/\/creapb.org.br\/site\/wp-json\/wp\/v2\/posts\/12612\/revisions"}],"wp:attachment":[{"href":"https:\/\/creapb.org.br\/site\/wp-json\/wp\/v2\/media?parent=12612"}],"wp:term":[{"taxonomy":"category","embeddable":true,"href":"https:\/\/creapb.org.br\/site\/wp-json\/wp\/v2\/categories?post=12612"},{"taxonomy":"post_tag","embeddable":true,"href":"https:\/\/creapb.org.br\/site\/wp-json\/wp\/v2\/tags?post=12612"}],"curies":[{"name":"wp","href":"https:\/\/api.w.org\/{rel}","templated":true}]}}