{"id":12619,"date":"2016-03-07T10:05:11","date_gmt":"2016-03-07T13:05:11","guid":{"rendered":"http:\/\/www.creapb.org.br\/?p=12619"},"modified":"2016-03-07T10:05:11","modified_gmt":"2016-03-07T13:05:11","slug":"crea-promove-seminario-para-novos-conselheiros","status":"publish","type":"post","link":"https:\/\/creapb.org.br\/site\/crea-promove-seminario-para-novos-conselheiros\/","title":{"rendered":"Crea promove Semin\u00e1rio para novos Conselheiros"},"content":{"rendered":"<p>&nbsp;<\/p>\n<p><a href=\"http:\/\/www.creapb.org.br\/creapb-admin\/wp-content\/uploads\/2016\/03\/Untitled-6.png\"><img fetchpriority=\"high\" decoding=\"async\" class=\"alignnone  wp-image-12624\" title=\"Untitled-6\" src=\"http:\/\/www.creapb.org.br\/creapb-admin\/wp-content\/uploads\/2016\/03\/Untitled-6.png\" alt=\"\" width=\"640\" height=\"640\" \/><\/a><\/p>\n<p>Nesta segunda-feira (7), o Crea-PB promoveu no Plen\u00e1rio de sua Sede, em Jo\u00e3o Pessoa, um semin\u00e1rio para os seus Conselheiros com o objetivo de esclarecer as fun\u00e7\u00f5es do cargo e aprimor\u00e1-los sobre o conhecimento das legisla\u00e7\u00f5es e atua\u00e7\u00e3o relacionada ao Conselho Federal de Engenharia e Agronomia e Conselhos Regionais. A servidora do Confea, eng\u00aa civil \u00c1gueda Avelar, foi uma das respons\u00e1veis pela apresenta\u00e7\u00e3o.<\/p>\n<p>Os Conselheiros veteranos e os novos Conselheiros (empossados no \u00faltimo m\u00eas) foram convidados para participarem, compartilhando experi\u00eancias entre si e com os servidores do Conselho. Antes do in\u00edcio do Semin\u00e1rio, eles participaram ainda de um momento de integra\u00e7\u00e3o, organizado pela Ouvidora do Crea-PB, Alm\u00e9ria Carniato.<\/p>\n<p><a href=\"http:\/\/www.creapb.org.br\/creapb-admin\/wp-content\/uploads\/2016\/03\/Untitled-2.png\"><img decoding=\"async\" class=\"alignnone  wp-image-12622\" title=\"Untitled-2\" src=\"http:\/\/www.creapb.org.br\/creapb-admin\/wp-content\/uploads\/2016\/03\/Untitled-2.png\" alt=\"\" width=\"640\" height=\"640\" \/><\/a><\/p>\n<p>A presidente do Conselho, Giuc\u00e9lia Figueiredo, aproveitou a oportunidade para enaltecer o trabalho dos Conselheiros, que t\u00eam cargo honor\u00edfico no Regional. &#8220;Eu acredito que a presen\u00e7a de todos aqui \u00e9 a reafirma\u00e7\u00e3o de que estamos no caminho certo&#8221;, afirmou. Giuc\u00e9lia agradeceu a todos, lembrando que a atua\u00e7\u00e3o do Conselheiro \u00e9 uma doa\u00e7\u00e3o que visa a coletividade. &#8220;N\u00f3s estamos aqui pensando no fortalecimento das nossas profiss\u00f5es e, com isso, buscando prestar cada vez mais um servi\u00e7o de qualidade para a sociedade&#8221;.<\/p>\n<p>A servidora do Confea, \u00c1gueda Avelar, foi quem iniciou o Semin\u00e1rio, com palestra de tema: &#8220;O papel de Conselheiro &#8211; Prerrogativa legal e social&#8221;. Ela abordou a import\u00e2ncia \u00a0do Conselheiro para o sistema Confea\/Crea&#8217;s, apontando os principais dispositivos legais e ritos processuais que devem ser conhecidos por eles. A engenheira civil tamb\u00e9m fez uma exposi\u00e7\u00e3o sobre a atua\u00e7\u00e3o do Confea e sua representatividade. \u00c1gueda lembrou: &#8220;O Conselheiro \u00e9 um elo de liga\u00e7\u00e3o entre a profiss\u00e3o e a sociedade em que est\u00e1 inserido&#8221;.O Plen\u00e1rio do Crea-PB \u00e9 composto por 43 Conselheiros.<\/p>\n<p><a href=\"http:\/\/www.creapb.org.br\/creapb-admin\/wp-content\/uploads\/2016\/03\/Untitled-1.png\"><img decoding=\"async\" class=\"alignnone  wp-image-12623\" title=\"Untitled-1\" src=\"http:\/\/www.creapb.org.br\/creapb-admin\/wp-content\/uploads\/2016\/03\/Untitled-1.png\" alt=\"\" width=\"640\" height=\"640\" \/><\/a><\/p>\n<p>O Assessor Jur\u00eddico do Crea-PB, Ismael Machado e a Ouvidoria Alm\u00e9ria Carniato encerraram o Semin\u00e1rio. O primeiro falou sobre os formul\u00e1rios de voto dos Conselheiros e outros documentos \u00e0 luz da legisla\u00e7\u00e3o que rege o sistema Confea\/Crea, enquanto a segunda fez uma explana\u00e7\u00e3o sobre o papel da Ouvidoria, importante ferramenta de gest\u00e3o do Crea-PB.<\/p>\n<p>&nbsp;<\/p>\n<p><em>Assessoria de Comunica\u00e7\u00e3o do Crea-PB<\/em><\/p>\n","protected":false},"excerpt":{"rendered":"<p>&nbsp; Nesta segunda-feira (7), o Crea-PB promoveu no Plen\u00e1rio de sua Sede, em Jo\u00e3o Pessoa, um semin\u00e1rio para os seus Conselheiros com o objetivo de esclarecer as fun\u00e7\u00f5es do cargo e aprimor\u00e1-los sobre o conhecimento das legisla\u00e7\u00f5es e atua\u00e7\u00e3o relacionada ao Conselho Federal de Engenharia e Agronomia e Conselhos Regionais. A servidora do Confea, eng\u00aa civil \u00c1gueda Avelar, foi uma das respons\u00e1veis pela apresenta\u00e7\u00e3o. Os Conselheiros veteranos e os novos Conselheiros (empossados no \u00faltimo m\u00eas) foram convidados para participarem, compartilhando experi\u00eancias entre si e com os servidores do Conselho. Antes do in\u00edcio do Semin\u00e1rio, eles participaram ainda de um momento [&hellip;]<\/p>\n","protected":false},"author":2,"featured_media":0,"comment_status":"closed","ping_status":"closed","sticky":false,"template":"","format":"standard","meta":{"_acf_changed":false,"footnotes":""},"categories":[9],"tags":[],"class_list":["post-12619","post","type-post","status-publish","format-standard","hentry","category-noticias"],"acf":[],"_links":{"self":[{"href":"https:\/\/creapb.org.br\/site\/wp-json\/wp\/v2\/posts\/12619","targetHints":{"allow":["GET"]}}],"collection":[{"href":"https:\/\/creapb.org.br\/site\/wp-json\/wp\/v2\/posts"}],"about":[{"href":"https:\/\/creapb.org.br\/site\/wp-json\/wp\/v2\/types\/post"}],"author":[{"embeddable":true,"href":"https:\/\/creapb.org.br\/site\/wp-json\/wp\/v2\/users\/2"}],"replies":[{"embeddable":true,"href":"https:\/\/creapb.org.br\/site\/wp-json\/wp\/v2\/comments?post=12619"}],"version-history":[{"count":0,"href":"https:\/\/creapb.org.br\/site\/wp-json\/wp\/v2\/posts\/12619\/revisions"}],"wp:attachment":[{"href":"https:\/\/creapb.org.br\/site\/wp-json\/wp\/v2\/media?parent=12619"}],"wp:term":[{"taxonomy":"category","embeddable":true,"href":"https:\/\/creapb.org.br\/site\/wp-json\/wp\/v2\/categories?post=12619"},{"taxonomy":"post_tag","embeddable":true,"href":"https:\/\/creapb.org.br\/site\/wp-json\/wp\/v2\/tags?post=12619"}],"curies":[{"name":"wp","href":"https:\/\/api.w.org\/{rel}","templated":true}]}}