{"id":12684,"date":"2016-03-30T16:40:23","date_gmt":"2016-03-30T19:40:23","guid":{"rendered":"http:\/\/www.creapb.org.br\/?p=12684"},"modified":"2016-03-30T16:40:23","modified_gmt":"2016-03-30T19:40:23","slug":"apenge-promove-seminario-sobre-mobilidade-urbana","status":"publish","type":"post","link":"https:\/\/creapb.org.br\/site\/apenge-promove-seminario-sobre-mobilidade-urbana\/","title":{"rendered":"Apenge promove semin\u00e1rio sobre Mobilidade Urbana"},"content":{"rendered":"<p><a href=\"http:\/\/www.creapb.org.br\/creapb-admin\/wp-content\/uploads\/2016\/03\/Folder-Mobilidade-Web.png\"><img fetchpriority=\"high\" decoding=\"async\" class=\"alignnone  wp-image-12685\" title=\"Folder Mobilidade Web\" src=\"http:\/\/www.creapb.org.br\/creapb-admin\/wp-content\/uploads\/2016\/03\/Folder-Mobilidade-Web.png\" alt=\"\" width=\"640\" height=\"640\" \/><\/a><\/p>\n<p>Com o apoio do CREA-PB e outros \u00f3rg\u00e3os, a Academia Paraibana de Engenharia promove, nos dias 4 e 5 de abril, o Semin\u00e1rio sobre Mobilidade Urbana na regi\u00e3o metropolitana de Jo\u00e3o Pessoa. O evento acontecer\u00e1 das 8h \u00e0s 18h no audit\u00f3rio do Sinduscon-JP. Palestrantes de v\u00e1rios setores envolvidos com o transporte de cargas e pessoas participam do semin\u00e1rio.<\/p>\n<p>Confira a programa\u00e7\u00e3o completa:<\/p>\n<p><a href=\"http:\/\/www.creapb.org.br\/creapb-admin\/wp-content\/uploads\/2016\/03\/Programa\u00e7\u00e3o-ok-page-001.jpg\"><img decoding=\"async\" class=\"alignnone size-large wp-image-12687\" title=\"Programa\u00e7\u00e3o ok-page-001\" src=\"http:\/\/www.creapb.org.br\/creapb-admin\/wp-content\/uploads\/2016\/03\/Programa\u00e7\u00e3o-ok-page-001-723x1024.jpg\" alt=\"\" width=\"640\" height=\"906\" \/><\/a><\/p>\n<p><a href=\"http:\/\/www.creapb.org.br\/creapb-admin\/wp-content\/uploads\/2016\/03\/Programa\u00e7\u00e3o-ok-page-002.jpg\"><img decoding=\"async\" class=\"alignnone size-large wp-image-12688\" title=\"Programa\u00e7\u00e3o ok-page-002\" src=\"http:\/\/www.creapb.org.br\/creapb-admin\/wp-content\/uploads\/2016\/03\/Programa\u00e7\u00e3o-ok-page-002-723x1024.jpg\" alt=\"\" width=\"640\" height=\"906\" \/><\/a><\/p>\n","protected":false},"excerpt":{"rendered":"<p>Com o apoio do CREA-PB e outros \u00f3rg\u00e3os, a Academia Paraibana de Engenharia promove, nos dias 4 e 5 de abril, o Semin\u00e1rio sobre Mobilidade Urbana na regi\u00e3o metropolitana de Jo\u00e3o Pessoa. O evento acontecer\u00e1 das 8h \u00e0s 18h no audit\u00f3rio do Sinduscon-JP. Palestrantes de v\u00e1rios setores envolvidos com o transporte de cargas e pessoas participam do semin\u00e1rio. Confira a programa\u00e7\u00e3o completa:<\/p>\n","protected":false},"author":2,"featured_media":12685,"comment_status":"closed","ping_status":"closed","sticky":false,"template":"","format":"standard","meta":{"_acf_changed":false,"footnotes":""},"categories":[9],"tags":[],"class_list":["post-12684","post","type-post","status-publish","format-standard","has-post-thumbnail","hentry","category-noticias"],"acf":[],"_links":{"self":[{"href":"https:\/\/creapb.org.br\/site\/wp-json\/wp\/v2\/posts\/12684","targetHints":{"allow":["GET"]}}],"collection":[{"href":"https:\/\/creapb.org.br\/site\/wp-json\/wp\/v2\/posts"}],"about":[{"href":"https:\/\/creapb.org.br\/site\/wp-json\/wp\/v2\/types\/post"}],"author":[{"embeddable":true,"href":"https:\/\/creapb.org.br\/site\/wp-json\/wp\/v2\/users\/2"}],"replies":[{"embeddable":true,"href":"https:\/\/creapb.org.br\/site\/wp-json\/wp\/v2\/comments?post=12684"}],"version-history":[{"count":0,"href":"https:\/\/creapb.org.br\/site\/wp-json\/wp\/v2\/posts\/12684\/revisions"}],"wp:featuredmedia":[{"embeddable":true,"href":"https:\/\/creapb.org.br\/site\/wp-json\/"}],"wp:attachment":[{"href":"https:\/\/creapb.org.br\/site\/wp-json\/wp\/v2\/media?parent=12684"}],"wp:term":[{"taxonomy":"category","embeddable":true,"href":"https:\/\/creapb.org.br\/site\/wp-json\/wp\/v2\/categories?post=12684"},{"taxonomy":"post_tag","embeddable":true,"href":"https:\/\/creapb.org.br\/site\/wp-json\/wp\/v2\/tags?post=12684"}],"curies":[{"name":"wp","href":"https:\/\/api.w.org\/{rel}","templated":true}]}}