{"id":12913,"date":"2016-06-07T17:15:17","date_gmt":"2016-06-07T20:15:17","guid":{"rendered":"http:\/\/www.creapb.org.br\/?p=12913"},"modified":"2017-03-24T12:29:40","modified_gmt":"2017-03-24T15:29:40","slug":"parceria-mutua-viabilizara-congresso-estadual-de-profissionais","status":"publish","type":"post","link":"https:\/\/creapb.org.br\/site\/parceria-mutua-viabilizara-congresso-estadual-de-profissionais\/","title":{"rendered":"Parceria com a M\u00fatua viabilizar\u00e1 9\u00ba Congresso Estadual de Profissionais"},"content":{"rendered":"<p>&nbsp;<\/p>\n<p>O Crea-PB promove, a cada tr\u00eas anos, o Congresso Estadual de Profissionais, evento preparat\u00f3rio para o Congresso Nacional de Profissionais, um importante f\u00f3rum de discuss\u00e3o sobre as profiss\u00f5es da Engenharia e Agronomia no Brasil. A exemplo do que acontece nas Semanas Oficiais de Engenharia e Agronomia (SOEAs), a M\u00fatua &#8211; Caixa de Assist\u00eancia dos Profissionais ser\u00e1 parceira estrat\u00e9gica do Crea para a realiza\u00e7\u00e3o do evento, viabilizando financeiramente parte da estrutura do Congresso e de sua divulga\u00e7\u00e3o em todo estado.<\/p>\n<p>De acordo com a Comiss\u00e3o organizadora do CEP, al\u00e9m do financiamento log\u00edstico do Congresso, a M\u00fatua fornecer\u00e1 o patroc\u00ednio para os meios de divulga\u00e7\u00e3o do evento. Segundo a coordenadora do CEP, eng. Carmem Eleonora, atrav\u00e9s da Caixa de Assist\u00eancia, est\u00e3o sendo veiculadas chamadas nas emissoras de r\u00e1dio e TV . &#8220;Esse apoio na divulga\u00e7\u00e3o \u00e9 fundamental para atrairmos o maior n\u00famero de profissionais poss\u00edvel&#8221;, explica a engenheira.<\/p>\n<p>Em sua 9\u00aa edi\u00e7\u00e3o, o CEP ocorrer\u00e1 nos dias 9 e 10 de junto, em Jo\u00e3o Pessoa. No entanto, tr\u00eas eventos microrregionais precederam o encontro na capital paraibana, ocorrendo em em Sousa, Patos e Campina Grande, nos dias 11, 12 e 13 de maio.<\/p>\n<p><img fetchpriority=\"high\" decoding=\"async\" class=\"alignnone size-large wp-image-14029\" src=\"https:\/\/creapb.org.br\/site\/wp-content\/uploads\/2016\/06\/CEP-2-1024x731.jpg\" alt=\"CEP (2)\" width=\"1024\" height=\"731\" srcset=\"https:\/\/creapb.org.br\/site\/wp-content\/uploads\/2016\/06\/CEP-2-1024x731.jpg 1024w, https:\/\/creapb.org.br\/site\/wp-content\/uploads\/2016\/06\/CEP-2-300x214.jpg 300w, https:\/\/creapb.org.br\/site\/wp-content\/uploads\/2016\/06\/CEP-2-768x548.jpg 768w\" sizes=\"(max-width: 1024px) 100vw, 1024px\" \/><\/p>\n<p>&nbsp;<\/p>\n<p>&nbsp;<\/p>\n<p>&nbsp;<\/p>\n<p>&nbsp;<\/p>\n<p>&nbsp;<\/p>\n<p>&nbsp;<\/p>\n","protected":false},"excerpt":{"rendered":"<p>&nbsp; O Crea-PB promove, a cada tr\u00eas anos, o Congresso Estadual de Profissionais, evento preparat\u00f3rio para o Congresso Nacional de Profissionais, um importante f\u00f3rum de discuss\u00e3o sobre as profiss\u00f5es da Engenharia e Agronomia no Brasil. A exemplo do que acontece nas Semanas Oficiais de Engenharia e Agronomia (SOEAs), a M\u00fatua &#8211; Caixa de Assist\u00eancia dos Profissionais ser\u00e1 parceira estrat\u00e9gica do Crea para a realiza\u00e7\u00e3o do evento, viabilizando financeiramente parte da estrutura do Congresso e de sua divulga\u00e7\u00e3o em todo estado. De acordo com a Comiss\u00e3o organizadora do CEP, al\u00e9m do financiamento log\u00edstico do Congresso, a M\u00fatua fornecer\u00e1 o patroc\u00ednio para [&hellip;]<\/p>\n","protected":false},"author":2,"featured_media":0,"comment_status":"closed","ping_status":"closed","sticky":false,"template":"","format":"standard","meta":{"_acf_changed":false,"footnotes":""},"categories":[9],"tags":[],"class_list":["post-12913","post","type-post","status-publish","format-standard","hentry","category-noticias"],"acf":[],"_links":{"self":[{"href":"https:\/\/creapb.org.br\/site\/wp-json\/wp\/v2\/posts\/12913","targetHints":{"allow":["GET"]}}],"collection":[{"href":"https:\/\/creapb.org.br\/site\/wp-json\/wp\/v2\/posts"}],"about":[{"href":"https:\/\/creapb.org.br\/site\/wp-json\/wp\/v2\/types\/post"}],"author":[{"embeddable":true,"href":"https:\/\/creapb.org.br\/site\/wp-json\/wp\/v2\/users\/2"}],"replies":[{"embeddable":true,"href":"https:\/\/creapb.org.br\/site\/wp-json\/wp\/v2\/comments?post=12913"}],"version-history":[{"count":2,"href":"https:\/\/creapb.org.br\/site\/wp-json\/wp\/v2\/posts\/12913\/revisions"}],"predecessor-version":[{"id":14030,"href":"https:\/\/creapb.org.br\/site\/wp-json\/wp\/v2\/posts\/12913\/revisions\/14030"}],"wp:attachment":[{"href":"https:\/\/creapb.org.br\/site\/wp-json\/wp\/v2\/media?parent=12913"}],"wp:term":[{"taxonomy":"category","embeddable":true,"href":"https:\/\/creapb.org.br\/site\/wp-json\/wp\/v2\/categories?post=12913"},{"taxonomy":"post_tag","embeddable":true,"href":"https:\/\/creapb.org.br\/site\/wp-json\/wp\/v2\/tags?post=12913"}],"curies":[{"name":"wp","href":"https:\/\/api.w.org\/{rel}","templated":true}]}}