{"id":13067,"date":"2016-06-06T16:57:46","date_gmt":"2016-06-06T19:57:46","guid":{"rendered":"http:\/\/www.creapb.org.br\/?p=13067"},"modified":"2016-06-06T16:57:46","modified_gmt":"2016-06-06T19:57:46","slug":"convenio-entre-mutua-e-crea-pb-incentiva-participacao-de-profissionais-na-73a-soea","status":"publish","type":"post","link":"https:\/\/creapb.org.br\/site\/convenio-entre-mutua-e-crea-pb-incentiva-participacao-de-profissionais-na-73a-soea\/","title":{"rendered":"Conv\u00eanio entre M\u00fatua e Crea-PB incentiva participa\u00e7\u00e3o de profissionais na 73\u00aa Soea"},"content":{"rendered":"<p style=\"text-align: left;\" align=\"center\"><a href=\"http:\/\/www.creapb.org.br\/creapb-admin\/wp-content\/uploads\/2016\/06\/73soea_horizontal.png\"><img fetchpriority=\"high\" decoding=\"async\" class=\"alignnone size-large wp-image-13075\" title=\"73soea_horizontal\" src=\"http:\/\/www.creapb.org.br\/creapb-admin\/wp-content\/uploads\/2016\/06\/73soea_horizontal-1024x292.png\" alt=\"\" width=\"640\" height=\"182\" \/><\/a><\/p>\n<p style=\"text-align: left;\" align=\"center\">Anualmente \u00e9 realizada pelo Sistema Confea\/Crea e M\u00fatua a Semana Oficial da Engenharia e da Agronomia (Soea), com o objetivo de discutir os principais assuntos t\u00e9cnicos, legislativos e referenciais das diversas categorias da \u00e1rea tecnol\u00f3gica, bem como de alinhar o entendimento sobre a atua\u00e7\u00e3o e as estrat\u00e9gias dos Conselhos e da Caixa de Assist\u00eancia. Pela relev\u00e2ncia do evento \u00e9 primordial a participa\u00e7\u00e3o de um grande n\u00famero de profissionais de todos os estados nas delega\u00e7\u00f5es dos Creas e, tamb\u00e9m, das Regionais da M\u00fatua.<\/p>\n<p>Visando incentivar a participa\u00e7\u00e3o dos profissionais e intensificar a divulga\u00e7\u00e3o da M\u00fatua, foram firmados contratos de patroc\u00ednio com os Creas, tendo como objeto a 73\u00aa edi\u00e7\u00e3o da Soea, que ser\u00e1 realizada em Foz do Igua\u00e7u (PR), de 29 de agosto a 1\u00ba de setembro. Posterior \u00e0 Semana Oficial, nos dias 2 e 3 de setembro, tamb\u00e9m ser\u00e1 promovido o 9\u00ba Congresso Nacional de Profissionais (CNP), para defini\u00e7\u00e3o de propostas a serem adotadas pelo Sistema Confea\/Crea e M\u00fatua, no intuito de melhorar as atividades desenvolvidas pelas institui\u00e7\u00f5es integrantes do ordenamento profissional.<\/p>\n<p>Atrav\u00e9s do conv\u00eanio firmado entre M\u00daTUA e Crea-PB, ser\u00e1 viabilizada a participa\u00e7\u00e3o de\u00a018 integrantes da delega\u00e7\u00e3o paraibana, entre Presidente de entidades, Inspetores, representantes de entidades e 2 servidores profissionais do Sistema.<\/p>\n<p>Essa j\u00e1 not\u00f3ria parceria com os Creas, sendo estabelecida j\u00e1 h\u00e1 alguns anos a cada edi\u00e7\u00e3o da Soea, possibilita \u00e0 M\u00fatua divulgar sua atua\u00e7\u00e3o, seus benef\u00edcios e o conceito de mutualismo a um maior n\u00famero de profissionais e, da mesma forma, fidelizar os j\u00e1 mutualistas. Conforme \u00e9 acordado, os Conselhos incluem a M\u00fatua em suas a\u00e7\u00f5es de divulga\u00e7\u00e3o referentes \u00e0 Semana Oficial, ao Congresso Estadual de Profissionais e outros eventos, com impressos distribu\u00eddos nos estandes da ExpoSoea \u2013 feira tecnol\u00f3gica realizada simultaneamente \u00e0 Soea\u2013 e no pr\u00f3prio Crea. Cabe \u00e0 M\u00fatua custear a participa\u00e7\u00e3o de um consider\u00e1vel n\u00famero de profissionais do estado, por meio das delega\u00e7\u00f5es dos Creas.<\/p>\n<p>Tal a\u00e7\u00e3o rec\u00edproca \u00e9 positiva para todas as partes, conforme avalia o presidente da M\u00fatua, eng. civ. Paulo Roberto de Queiroz Guimar\u00e3es: \u201cFala-se em Soea no \u00e2mbito da organiza\u00e7\u00e3o da participa\u00e7\u00e3o dos Creas e logo \u00e9 levantada a quest\u00e3o dos conv\u00eanios com a M\u00fatua, pois esse \u00e9 um apoio importante para a composi\u00e7\u00e3o das delega\u00e7\u00f5es dos Conselhos. Para a M\u00fatua \u00e9 mais uma oportunidade de se fazer conhecida pelos profissionais e, tamb\u00e9m, de ajudar para a melhoria do Sistema\u201d, ressalta.<\/p>\n<p>&nbsp;<\/p>\n<p>(Ascom M\u00daTUA)<\/p>\n","protected":false},"excerpt":{"rendered":"<p>Anualmente \u00e9 realizada pelo Sistema Confea\/Crea e M\u00fatua a Semana Oficial da Engenharia e da Agronomia (Soea), com o objetivo de discutir os principais assuntos t\u00e9cnicos, legislativos e referenciais das diversas categorias da \u00e1rea tecnol\u00f3gica, bem como de alinhar o entendimento sobre a atua\u00e7\u00e3o e as estrat\u00e9gias dos Conselhos e da Caixa de Assist\u00eancia. Pela relev\u00e2ncia do evento \u00e9 primordial a participa\u00e7\u00e3o de um grande n\u00famero de profissionais de todos os estados nas delega\u00e7\u00f5es dos Creas e, tamb\u00e9m, das Regionais da M\u00fatua. Visando incentivar a participa\u00e7\u00e3o dos profissionais e intensificar a divulga\u00e7\u00e3o da M\u00fatua, foram firmados contratos de patroc\u00ednio com [&hellip;]<\/p>\n","protected":false},"author":2,"featured_media":0,"comment_status":"closed","ping_status":"closed","sticky":false,"template":"","format":"standard","meta":{"_acf_changed":false,"footnotes":""},"categories":[9],"tags":[],"class_list":["post-13067","post","type-post","status-publish","format-standard","hentry","category-noticias"],"acf":[],"_links":{"self":[{"href":"https:\/\/creapb.org.br\/site\/wp-json\/wp\/v2\/posts\/13067","targetHints":{"allow":["GET"]}}],"collection":[{"href":"https:\/\/creapb.org.br\/site\/wp-json\/wp\/v2\/posts"}],"about":[{"href":"https:\/\/creapb.org.br\/site\/wp-json\/wp\/v2\/types\/post"}],"author":[{"embeddable":true,"href":"https:\/\/creapb.org.br\/site\/wp-json\/wp\/v2\/users\/2"}],"replies":[{"embeddable":true,"href":"https:\/\/creapb.org.br\/site\/wp-json\/wp\/v2\/comments?post=13067"}],"version-history":[{"count":0,"href":"https:\/\/creapb.org.br\/site\/wp-json\/wp\/v2\/posts\/13067\/revisions"}],"wp:attachment":[{"href":"https:\/\/creapb.org.br\/site\/wp-json\/wp\/v2\/media?parent=13067"}],"wp:term":[{"taxonomy":"category","embeddable":true,"href":"https:\/\/creapb.org.br\/site\/wp-json\/wp\/v2\/categories?post=13067"},{"taxonomy":"post_tag","embeddable":true,"href":"https:\/\/creapb.org.br\/site\/wp-json\/wp\/v2\/tags?post=13067"}],"curies":[{"name":"wp","href":"https:\/\/api.w.org\/{rel}","templated":true}]}}