{"id":13102,"date":"2016-06-20T15:00:58","date_gmt":"2016-06-20T18:00:58","guid":{"rendered":"http:\/\/www.creapb.org.br\/?p=13102"},"modified":"2016-12-19T10:51:08","modified_gmt":"2016-12-19T12:51:08","slug":"inscreva-se-na-73a-soea-com-descontos-ate-o-dia-29-de-julho","status":"publish","type":"post","link":"https:\/\/creapb.org.br\/site\/inscreva-se-na-73a-soea-com-descontos-ate-o-dia-29-de-julho\/","title":{"rendered":"Inscreva-se na 73\u00aa SOEA com descontos at\u00e9 o dia 29 de julho"},"content":{"rendered":"<p><a href=\"http:\/\/www.creapb.org.br\/creapb-admin\/wp-content\/uploads\/2016\/06\/73soea_horizontal1.png\"><img fetchpriority=\"high\" decoding=\"async\" class=\"alignnone size-large wp-image-13103\" title=\"73soea_horizontal\" src=\"http:\/\/www.creapb.org.br\/creapb-admin\/wp-content\/uploads\/2016\/06\/73soea_horizontal1-1024x292.png\" alt=\"\" width=\"640\" height=\"182\" \/><\/a><\/p>\n<p>&nbsp;<\/p>\n<p>Est\u00e3o abertas as inscri\u00e7\u00f5es para a 73\u00aa edi\u00e7\u00e3o da Semana Oficial da Engenharia e da Agronomia (Soea), que acontece de 29 de agosto a 1\u00b0 de setembro, em Foz do Igua\u00e7u, no Paran\u00e1. Os interessados podem acessar o\u00a0<strong><a href=\"http:\/\/inscricao.soea.org.br\/\">site do evento para se inscrever<\/a>.<\/strong><\/p>\n<p>Neste ano, os profissionais registrados no Sistema Confea\/Crea e M\u00fatua ir\u00e3o pagar R$ 450 at\u00e9 o dia 29 de julho. A partir do dia 30, o investimento ser\u00e1 de R$550. Para estudantes, de gradua\u00e7\u00e3o e do Ensino M\u00e9dio, o valor \u00e9 de R$ 150, tamb\u00e9m at\u00e9 o dia 29 de julho, e a partir do dia 30 de julho, o pre\u00e7o \u00e9 de R$ 200. J\u00e1 os acompanhantes, interessados nos temas, devem pagar R$ 150 at\u00e9 o dia 29 de julho e R$ 200 ap\u00f3s essa data. Lembrando que os inscritos nesta categoria n\u00e3o ter\u00e3o direito a certificados e materiais.<\/p>\n<p>Paralelamente \u00e0 Soea, tamb\u00e9m \u00e9 realizado o Congresso T\u00e9cnico e Cient\u00edfico da Engenharia e da Agronomia \u2013 Contecc, que re\u00fane trabalhos acad\u00eamicos e t\u00e9cnicos de profissionais estudantes, em forma de palestras e p\u00f4steres. Ap\u00f3s a Soea, nos dias 2 e 3 de setembro, ser\u00e1 a vez da nona edi\u00e7\u00e3o do Congresso Nacional de Profissionais (CNP). O CNP configura a etapa final de um processo que acontece durante o ano todo, em todo o pa\u00eds, em que profissionais apresentam propostas para a \u00e1rea tecnol\u00f3gica. As propostas municipais e regionais s\u00e3o selecionadas para compor a pauta dos Congressos Estaduais, que, posteriormente, enviam seus temas aprovados \u00e0 etapa nacional.<\/p>\n<p>&nbsp;<\/p>\n<p>Ascom Crea-PE<br \/>\nCom informa\u00e7\u00f5es do Confea<\/p>\n","protected":false},"excerpt":{"rendered":"<p>&nbsp; Est\u00e3o abertas as inscri\u00e7\u00f5es para a 73\u00aa edi\u00e7\u00e3o da Semana Oficial da Engenharia e da Agronomia (Soea), que acontece de 29 de agosto a 1\u00b0 de setembro, em Foz do Igua\u00e7u, no Paran\u00e1. Os interessados podem acessar o\u00a0site do evento para se inscrever. Neste ano, os profissionais registrados no Sistema Confea\/Crea e M\u00fatua ir\u00e3o pagar R$ 450 at\u00e9 o dia 29 de julho. A partir do dia 30, o investimento ser\u00e1 de R$550. Para estudantes, de gradua\u00e7\u00e3o e do Ensino M\u00e9dio, o valor \u00e9 de R$ 150, tamb\u00e9m at\u00e9 o dia 29 de julho, e a partir do dia [&hellip;]<\/p>\n","protected":false},"author":2,"featured_media":13103,"comment_status":"closed","ping_status":"closed","sticky":false,"template":"","format":"standard","meta":{"_acf_changed":false,"footnotes":""},"categories":[9,1],"tags":[],"class_list":["post-13102","post","type-post","status-publish","format-standard","has-post-thumbnail","hentry","category-noticias","category-sem-categoria"],"acf":[],"_links":{"self":[{"href":"https:\/\/creapb.org.br\/site\/wp-json\/wp\/v2\/posts\/13102","targetHints":{"allow":["GET"]}}],"collection":[{"href":"https:\/\/creapb.org.br\/site\/wp-json\/wp\/v2\/posts"}],"about":[{"href":"https:\/\/creapb.org.br\/site\/wp-json\/wp\/v2\/types\/post"}],"author":[{"embeddable":true,"href":"https:\/\/creapb.org.br\/site\/wp-json\/wp\/v2\/users\/2"}],"replies":[{"embeddable":true,"href":"https:\/\/creapb.org.br\/site\/wp-json\/wp\/v2\/comments?post=13102"}],"version-history":[{"count":1,"href":"https:\/\/creapb.org.br\/site\/wp-json\/wp\/v2\/posts\/13102\/revisions"}],"predecessor-version":[{"id":13595,"href":"https:\/\/creapb.org.br\/site\/wp-json\/wp\/v2\/posts\/13102\/revisions\/13595"}],"wp:featuredmedia":[{"embeddable":true,"href":"https:\/\/creapb.org.br\/site\/wp-json\/"}],"wp:attachment":[{"href":"https:\/\/creapb.org.br\/site\/wp-json\/wp\/v2\/media?parent=13102"}],"wp:term":[{"taxonomy":"category","embeddable":true,"href":"https:\/\/creapb.org.br\/site\/wp-json\/wp\/v2\/categories?post=13102"},{"taxonomy":"post_tag","embeddable":true,"href":"https:\/\/creapb.org.br\/site\/wp-json\/wp\/v2\/tags?post=13102"}],"curies":[{"name":"wp","href":"https:\/\/api.w.org\/{rel}","templated":true}]}}