{"id":13120,"date":"2016-06-29T15:52:34","date_gmt":"2016-06-29T18:52:34","guid":{"rendered":"http:\/\/www.creapb.org.br\/?p=13120"},"modified":"2016-06-29T15:52:34","modified_gmt":"2016-06-29T18:52:34","slug":"crea-participa-de-acoes-preventivas-contra-aedes-aegypti-em-parceria-com-o-mpt","status":"publish","type":"post","link":"https:\/\/creapb.org.br\/site\/crea-participa-de-acoes-preventivas-contra-aedes-aegypti-em-parceria-com-o-mpt\/","title":{"rendered":"Crea participa de a\u00e7\u00f5es preventivas contra Aedes aegypti em parceria com o MPT"},"content":{"rendered":"<p><a href=\"http:\/\/www.creapb.org.br\/creapb-admin\/wp-content\/uploads\/2016\/06\/mpt.jpg\"><img fetchpriority=\"high\" decoding=\"async\" class=\"alignnone size-large wp-image-13121\" title=\"mpt\" src=\"http:\/\/www.creapb.org.br\/creapb-admin\/wp-content\/uploads\/2016\/06\/mpt-1024x764.jpg\" alt=\"\" width=\"640\" height=\"477\" \/><\/a><\/p>\n<p>A ger\u00eancia de Fiscaliza\u00e7\u00e3o do Crea-PB participou, em parceria com Minist\u00e9rio P\u00fablico do Trabalho na Para\u00edba (MPT), nesta quarta-feira (29), de a\u00e7\u00f5es educativas, de orienta\u00e7\u00e3o e visitas domiciliares em preven\u00e7\u00e3o ao mosquito Aedes aegypti, transmissor da chikungunya, dengue e zika v\u00edrus.<\/p>\n<p>A concentra\u00e7\u00e3o das atividades foi em frente \u00e0 sede da Procuradoria Regional do Trabalho (PRT), na Rua Almirante Barroso, 234 \u2013 Centro. Durante a programa\u00e7\u00e3o das a\u00e7\u00f5es, foram realizados controle qu\u00edmico, atrav\u00e9s da aplica\u00e7\u00e3o de larvicida, identifica\u00e7\u00e3o e elimina\u00e7\u00e3o dos focos em resid\u00eancias e espa\u00e7os p\u00fablicos e abordagens de empres\u00e1rios e residentes da regi\u00e3o, para orienta\u00e7\u00e3o sobre m\u00e9todos preventivos para o controle do mosquito.<\/p>\n<p><a href=\"http:\/\/www.creapb.org.br\/creapb-admin\/wp-content\/uploads\/2016\/06\/mpt-2.jpg\"><img decoding=\"async\" class=\"alignnone size-large wp-image-13122\" title=\"mpt 2\" src=\"http:\/\/www.creapb.org.br\/creapb-admin\/wp-content\/uploads\/2016\/06\/mpt-2-1024x764.jpg\" alt=\"\" width=\"640\" height=\"477\" \/><\/a><\/p>\n<p>O gerente de Fiscaliza\u00e7\u00e3o do Crea, Ant\u00f4nio C\u00e9sar, e o sub-gerente do setor, Juan \u00c9bano, representaram o Conselho. De acordo com os servidores, a integra\u00e7\u00e3o do Crea ao mutir\u00e3o nacional contra a prolifera\u00e7\u00e3o das doen\u00e7as transmitidas pelo Aedes aegypti \u00e9 natural, j\u00e1 que o Regional investe em uma atua\u00e7\u00e3o cidad\u00e3.<\/p>\n<p>Ant\u00f4nio C\u00e9sar alertou ainda para \u00a0o fato de que empresas que fazem o controle de vetores e pragas urbanas, para atuarem legalmente, devem possuir registro no Crea-PB e ainda um respons\u00e1vel t\u00e9cnico, que \u00e9 o profissional habilitado pelo Conselho, para prestar servi\u00e7os dessa natureza. Segundo o gerente de Fiscaliza\u00e7\u00e3o, com a prolifera\u00e7\u00e3o das doen\u00e7as causadas pelo Aedes, muitas pessoas t\u00eam recorrido a empresas sem saber sua proced\u00eancia, enquanto, do outro lado, muitas pessoas t\u00eam se aproveitado disso para atuar ilegalmente com os servi\u00e7os de dedetiza\u00e7\u00e3o.<\/p>\n<p>Al\u00e9m do Crea, cerca de 50 Agentes de Sa\u00fade Ambiental (ASA) e t\u00e9cnicos da SMS estiveram envolvidos na a\u00e7\u00e3o, que conta tamb\u00e9m com a parceria do Minist\u00e9rio P\u00fablico Federal (MPF), Tribunal Regional do Trabalho (TRT) e da Autarquia Municipal Especial de Limpeza Urbana (Emlur).<\/p>\n<p>&nbsp;<\/p>\n<p>Ascom Crea-PB<\/p>\n<p>com informa\u00e7\u00f5es Ascom PMJP\/Sa\u00fade<\/p>\n","protected":false},"excerpt":{"rendered":"<p>A ger\u00eancia de Fiscaliza\u00e7\u00e3o do Crea-PB participou, em parceria com Minist\u00e9rio P\u00fablico do Trabalho na Para\u00edba (MPT), nesta quarta-feira (29), de a\u00e7\u00f5es educativas, de orienta\u00e7\u00e3o e visitas domiciliares em preven\u00e7\u00e3o ao mosquito Aedes aegypti, transmissor da chikungunya, dengue e zika v\u00edrus. A concentra\u00e7\u00e3o das atividades foi em frente \u00e0 sede da Procuradoria Regional do Trabalho (PRT), na Rua Almirante Barroso, 234 \u2013 Centro. Durante a programa\u00e7\u00e3o das a\u00e7\u00f5es, foram realizados controle qu\u00edmico, atrav\u00e9s da aplica\u00e7\u00e3o de larvicida, identifica\u00e7\u00e3o e elimina\u00e7\u00e3o dos focos em resid\u00eancias e espa\u00e7os p\u00fablicos e abordagens de empres\u00e1rios e residentes da regi\u00e3o, para orienta\u00e7\u00e3o sobre m\u00e9todos preventivos [&hellip;]<\/p>\n","protected":false},"author":2,"featured_media":13121,"comment_status":"closed","ping_status":"closed","sticky":false,"template":"","format":"standard","meta":{"_acf_changed":false,"footnotes":""},"categories":[9],"tags":[],"class_list":["post-13120","post","type-post","status-publish","format-standard","has-post-thumbnail","hentry","category-noticias"],"acf":[],"_links":{"self":[{"href":"https:\/\/creapb.org.br\/site\/wp-json\/wp\/v2\/posts\/13120","targetHints":{"allow":["GET"]}}],"collection":[{"href":"https:\/\/creapb.org.br\/site\/wp-json\/wp\/v2\/posts"}],"about":[{"href":"https:\/\/creapb.org.br\/site\/wp-json\/wp\/v2\/types\/post"}],"author":[{"embeddable":true,"href":"https:\/\/creapb.org.br\/site\/wp-json\/wp\/v2\/users\/2"}],"replies":[{"embeddable":true,"href":"https:\/\/creapb.org.br\/site\/wp-json\/wp\/v2\/comments?post=13120"}],"version-history":[{"count":0,"href":"https:\/\/creapb.org.br\/site\/wp-json\/wp\/v2\/posts\/13120\/revisions"}],"wp:featuredmedia":[{"embeddable":true,"href":"https:\/\/creapb.org.br\/site\/wp-json\/"}],"wp:attachment":[{"href":"https:\/\/creapb.org.br\/site\/wp-json\/wp\/v2\/media?parent=13120"}],"wp:term":[{"taxonomy":"category","embeddable":true,"href":"https:\/\/creapb.org.br\/site\/wp-json\/wp\/v2\/categories?post=13120"},{"taxonomy":"post_tag","embeddable":true,"href":"https:\/\/creapb.org.br\/site\/wp-json\/wp\/v2\/tags?post=13120"}],"curies":[{"name":"wp","href":"https:\/\/api.w.org\/{rel}","templated":true}]}}