{"id":13215,"date":"2016-08-24T17:23:03","date_gmt":"2016-08-24T20:23:03","guid":{"rendered":"http:\/\/www.creapb.org.br\/?p=13215"},"modified":"2016-08-24T17:23:03","modified_gmt":"2016-08-24T20:23:03","slug":"presidente-do-crea-pb-coordenara-atividades-em-congresso-nacional-de-engenharia","status":"publish","type":"post","link":"https:\/\/creapb.org.br\/site\/presidente-do-crea-pb-coordenara-atividades-em-congresso-nacional-de-engenharia\/","title":{"rendered":"Presidente do Crea-PB coordenar\u00e1 atividades em Congresso nacional de Engenharia"},"content":{"rendered":"<p style=\"text-align: justify;\">Evento re\u00fane profissionais de todo o pa\u00eds em Foz do Igua\u00e7u<\/p>\n<p style=\"text-align: justify;\"><a href=\"http:\/\/www.creapb.org.br\/creapb-admin\/wp-content\/uploads\/2016\/08\/e3c1c02d-5763-4053-882e-3096304b495e.jpg\"><img fetchpriority=\"high\" decoding=\"async\" class=\"alignnone size-large wp-image-13216\" title=\"e3c1c02d-5763-4053-882e-3096304b495e\" src=\"http:\/\/www.creapb.org.br\/creapb-admin\/wp-content\/uploads\/2016\/08\/e3c1c02d-5763-4053-882e-3096304b495e-1024x767.jpg\" alt=\"\" width=\"640\" height=\"479\" \/><\/a><\/p>\n<p style=\"text-align: justify;\">De 29 de agosto a 1 de setembro, profissionais e entidades da Engenharia brasileira estar\u00e3o reunidos para os mais importantes eventos da \u00e1rea no cen\u00e1rio nacional, que acontecer\u00e3o conjuntamente na cidade de Foz do Igua\u00e7u. Trata-se da 73\u00aa Semana Oficial de Engenharia e Agronomia (SOEA) e do\u00a0Congresso T\u00e9cnico Cient\u00edfico da Engenharia e Agronomia (CONTECC) 2016. Ambos s\u00e3o promovidos pelo Conselho Federal de Engenharia em parceria com a M\u00daTUA e Crea Paran\u00e1.<\/p>\n<p style=\"text-align: justify;\">No CONTECC, a presidente do Crea-PB, Giuc\u00e9lia Figueiredo, ser\u00e1 a moderadora da atividade de apresenta\u00e7\u00e3o oral de artigos classificados na modalidade Agronomia. Segundo Giuc\u00e9lia, o Congresso \u00e9 uma rara oportunidade para a efetiva troca de experi\u00eancias entre pesquisadores, professores, estudantes e profissionais da engenharia de todo pa\u00eds. &#8220;Aceitei o convite mais uma vez, pois acredito nesse projeto e penso ser indispens\u00e1vel o interc\u00e2mbio t\u00e9cnico cient\u00edfico, especialmente quando a Para\u00edba se destaca com sua participa\u00e7\u00e3o&#8221;, afirma.<\/p>\n<p style=\"text-align: justify;\">A participa\u00e7\u00e3o paraibana neste ano mais uma vez \u00e9 destaque, de acordo com a presidente. A Para\u00edba ficou atr\u00e1s apenas do estado anfitri\u00e3o em n\u00famero de trabalhos apresentados. Al\u00e9m disso, ao todo 21 trabalhos foram premiados, sendo tr\u00eas deles de pesquisadores paraibanos da UFPB e UFCG. &#8220;Esse desempenho deixa claro como precisamos investir na Engenharia paraibana, para que possamos continuar a colher bons frutos&#8221;, comenta Giuc\u00e9lia Figueiredo.<\/p>\n<p style=\"text-align: justify;\">\u00a0O evento espera reunir alguns dos principais especialistas em todas as \u00e1reas da engenharia e da agronomia, para discutir o cen\u00e1rio de suas realidades locais e nacional, demonstrando exemplos de inova\u00e7\u00f5es em empresas, institutos de pesquisas, IFES, etc. e apontar caminhos para que \u00a0as inova\u00e7\u00f5es se desenvolvam com t\u00e9cnicas e aplica\u00e7\u00e3o de pesquisas que tenham como objetivo aumentar o desenvolvimento do pa\u00eds. Para mais informa\u00e7\u00f5es sobre o CONTECC e a SOEA, acesse www.soea.org.br<\/p>\n<p style=\"text-align: justify;\">\n","protected":false},"excerpt":{"rendered":"<p>Evento re\u00fane profissionais de todo o pa\u00eds em Foz do Igua\u00e7u De 29 de agosto a 1 de setembro, profissionais e entidades da Engenharia brasileira estar\u00e3o reunidos para os mais importantes eventos da \u00e1rea no cen\u00e1rio nacional, que acontecer\u00e3o conjuntamente na cidade de Foz do Igua\u00e7u. Trata-se da 73\u00aa Semana Oficial de Engenharia e Agronomia (SOEA) e do\u00a0Congresso T\u00e9cnico Cient\u00edfico da Engenharia e Agronomia (CONTECC) 2016. Ambos s\u00e3o promovidos pelo Conselho Federal de Engenharia em parceria com a M\u00daTUA e Crea Paran\u00e1. No CONTECC, a presidente do Crea-PB, Giuc\u00e9lia Figueiredo, ser\u00e1 a moderadora da atividade de apresenta\u00e7\u00e3o oral de artigos [&hellip;]<\/p>\n","protected":false},"author":2,"featured_media":0,"comment_status":"closed","ping_status":"closed","sticky":false,"template":"","format":"standard","meta":{"_acf_changed":false,"footnotes":""},"categories":[9],"tags":[],"class_list":["post-13215","post","type-post","status-publish","format-standard","hentry","category-noticias"],"acf":[],"_links":{"self":[{"href":"https:\/\/creapb.org.br\/site\/wp-json\/wp\/v2\/posts\/13215","targetHints":{"allow":["GET"]}}],"collection":[{"href":"https:\/\/creapb.org.br\/site\/wp-json\/wp\/v2\/posts"}],"about":[{"href":"https:\/\/creapb.org.br\/site\/wp-json\/wp\/v2\/types\/post"}],"author":[{"embeddable":true,"href":"https:\/\/creapb.org.br\/site\/wp-json\/wp\/v2\/users\/2"}],"replies":[{"embeddable":true,"href":"https:\/\/creapb.org.br\/site\/wp-json\/wp\/v2\/comments?post=13215"}],"version-history":[{"count":0,"href":"https:\/\/creapb.org.br\/site\/wp-json\/wp\/v2\/posts\/13215\/revisions"}],"wp:attachment":[{"href":"https:\/\/creapb.org.br\/site\/wp-json\/wp\/v2\/media?parent=13215"}],"wp:term":[{"taxonomy":"category","embeddable":true,"href":"https:\/\/creapb.org.br\/site\/wp-json\/wp\/v2\/categories?post=13215"},{"taxonomy":"post_tag","embeddable":true,"href":"https:\/\/creapb.org.br\/site\/wp-json\/wp\/v2\/tags?post=13215"}],"curies":[{"name":"wp","href":"https:\/\/api.w.org\/{rel}","templated":true}]}}