{"id":13219,"date":"2016-08-30T11:42:17","date_gmt":"2016-08-30T14:42:17","guid":{"rendered":"http:\/\/www.creapb.org.br\/?p=13219"},"modified":"2016-08-30T11:42:17","modified_gmt":"2016-08-30T14:42:17","slug":"73a-soea-atrai-3-mil-participantes-a-foz","status":"publish","type":"post","link":"https:\/\/creapb.org.br\/site\/73a-soea-atrai-3-mil-participantes-a-foz\/","title":{"rendered":"73\u00aa Soea atrai 3 mil participantes a Foz"},"content":{"rendered":"<p>Mais de tr\u00eas mil participantes acompanharam os discursos de abertura e a cerim\u00f4nia que registra reconhecimento a 24 profissionais de destaque nas \u00e1reas tecnol\u00f3gicas brasileiras. Trata-se da solenidade de abertura da Semanada Oficial da Engenharia e da Agronomia (Soea). Em sua 73\u00aa edi\u00e7\u00e3o, neste ano a Soea \u00e9 realizada no munic\u00edpio paranaense de Foz do Igua\u00e7u at\u00e9 dia 1\u00ba de setembro. Logo ap\u00f3s, nos dias 2 e 3, ser\u00e1 promovido o 9\u00ba Congresso Nacional de Profissionais (CNP).<\/p>\n<p><a href=\"http:\/\/www.creapb.org.br\/creapb-admin\/wp-content\/uploads\/2016\/08\/FOTO-SOEA.jpg\"><img fetchpriority=\"high\" decoding=\"async\" class=\"alignnone  wp-image-13220\" title=\"FOTO SOEA\" src=\"http:\/\/www.creapb.org.br\/creapb-admin\/wp-content\/uploads\/2016\/08\/FOTO-SOEA.jpg\" alt=\"\" width=\"672\" height=\"448\" \/><\/a><\/p>\n<p>Em seu discurso, o presidente do Confea, Jos\u00e9 Tadeu da Silva, ressaltou que o pa\u00eds passa por uma grave crise econ\u00f4mica, pol\u00edtica e \u00e9tica e lembrou que existem mais de 30 mil obras paralisadas ou inacabadas pa\u00eds afora. \u201dN\u00e3o tem preju\u00edzo maior do que esse\u201d. Jos\u00e9 Tadeu tamb\u00e9m defendeu a presen\u00e7a de engenheiros no planejamento e no poder decis\u00f3rio do pa\u00eds, lembrando-se da import\u00e2ncia que a Soea tem para debater as grandes quest\u00f5es da Engenharia nacional. \u201cA Engenharia e a Agronomia est\u00e3o a favor do Brasil e \u00e9 grande a nossa responsabilidade neste momento\u201d.<\/p>\n<p>O presidente do Crea-PR, Joel Kr\u00fcger, destacou a realiza\u00e7\u00e3o do 9\u00ba Congresso Nacional de Profissionais (CNP), evento trienal que, neste ano, iniciar-se-\u00e1 imediatamente ap\u00f3s a Soea. \u201cSer\u00e1 o grande momento de alterarmos os marcos legais de nosso Sistema que dificultam nossa possibilidade de realizar mudan\u00e7as\u201d. Sobre a organiza\u00e7\u00e3o do evento, ressaltou que \u201cdesde que o Paran\u00e1 foi escolhido para sediar esta Semana, tudo foi planejado para cumprir todas as etapas que envolvem a realiza\u00e7\u00e3o de uma Soea\u201d.<\/p>\n<p><a href=\"http:\/\/www.creapb.org.br\/creapb-admin\/wp-content\/uploads\/2016\/08\/CREA-PR.jpg\"><img decoding=\"async\" class=\"alignnone  wp-image-13221\" title=\"CREA PR\" src=\"http:\/\/www.creapb.org.br\/creapb-admin\/wp-content\/uploads\/2016\/08\/CREA-PR.jpg\" alt=\"\" width=\"672\" height=\"448\" \/><\/a><\/p>\n<p>A prefeita em exerc\u00edcio de Foz do Igua\u00e7u, Ivone Barofaldi, destacou o potencial tur\u00edstico da regi\u00e3o. \u201cEsse audit\u00f3rio lotado mostra a participa\u00e7\u00e3o massiva dos profissionais das \u00e1reas de Engenheira e Agronomia do Brasil. Nossa economia agradece essa movimenta\u00e7\u00e3o\u201d. Para o presidente da M\u00fatua, Paulo Guimar\u00e3es, a realiza\u00e7\u00e3o da Semana em Foz do Igua\u00e7u \u00e9 exemplo de que \u00e9 poss\u00edvel o conv\u00edvio harm\u00f4nico entre conhecimento, tecnologia e recursos naturais. \u201cAqui temos a for\u00e7a de dois monumentos: um natural \u2013 as cataratas \u2013 e o outro constru\u00eddo pelo homem, com contribui\u00e7\u00e3o da Engenharia \u2013 a usina Hidrel\u00e9trica de Itaipu\u201d.<\/p>\n<p><a href=\"http:\/\/www.creapb.org.br\/creapb-admin\/wp-content\/uploads\/2016\/08\/P1300495.jpg\"><img decoding=\"async\" class=\"alignnone size-large wp-image-13222\" title=\"P1300495\" src=\"http:\/\/www.creapb.org.br\/creapb-admin\/wp-content\/uploads\/2016\/08\/P1300495-1024x768.jpg\" alt=\"\" width=\"640\" height=\"480\" \/><\/a><\/p>\n<p>Tamb\u00e9m compuseram o dispositivo de honra o presidente da FMOI, Jorge Spitalnik; representante da Upadi, Edemar Amorim; vice-presidente do Confea, Ant\u00f4nio Carlos Alberio; os coordenadores da Comiss\u00e3o do M\u00e9rito do Confea, conselheiro M\u00e1rio Amorim Varela; do Col\u00e9gio de Presidentes, Modesto Ferreira dos Santos; do Col\u00e9gio de Entidades Nacionais, Jorge Nei Brito; e das C\u00e2maras Especializadas, Leo Soares de Oliveira.<\/p>\n<p><strong>L\u00e1urea ao m\u00e9rito<\/strong><br \/>\nComo manda a tradi\u00e7\u00e3o das solenidades de abertura da Soea, na noite de segunda-feira (29\/8) o Sistema Confea\/Crea prestou homenagem a 24 profissionais em reconhecimento \u00e0 import\u00e2ncia e ao trabalho prestado \u00e0 sociedade. Para o chanceler da Comiss\u00e3o do M\u00e9rito, M\u00e1rio Amorim Varela, o momento \u00e9 de reconhecer o trabalho que muitas vezes \u00e9 desenvolvido solit\u00e1ria e anonimamente. \u201c\u00c9 singular porque celebramos o brilho da vida de not\u00e1veis colegas, que empreendendo ci\u00eancia, tecnologia, atitudes e sentimentos, fomentaram o crescimento e a melhoria da qualidade de vida dos brasileiros\u201d.<\/p>\n<p><a href=\"http:\/\/www.creapb.org.br\/creapb-admin\/wp-content\/uploads\/2016\/08\/P1300515.jpg\"><img loading=\"lazy\" decoding=\"async\" class=\"alignnone size-large wp-image-13223\" title=\"P1300515\" src=\"http:\/\/www.creapb.org.br\/creapb-admin\/wp-content\/uploads\/2016\/08\/P1300515-1024x768.jpg\" alt=\"\" width=\"640\" height=\"480\" \/><\/a><\/p>\n<p>A Para\u00edba tamb\u00e9m foi destaque durante a solenidade de abertura da 73\u00aa SOEA. A Engenharia paraibana foi homenageada atrav\u00e9s da entrega de L\u00e1urea ao M\u00e9rito e Medalha de M\u00e9rito ao engenheiro Sergio Rolim e ao Clube de Engenharia da Para\u00edba, representado pelo seu presidente, engenheiro Adilson Pontes. Ambos confessaram estar emocionados com a honraria.<\/p>\n<p><a href=\"http:\/\/www.creapb.org.br\/creapb-admin\/wp-content\/uploads\/2016\/08\/P1300529.jpg\"><img loading=\"lazy\" decoding=\"async\" class=\"alignnone size-large wp-image-13224\" title=\"P1300529\" src=\"http:\/\/www.creapb.org.br\/creapb-admin\/wp-content\/uploads\/2016\/08\/P1300529-1024x768.jpg\" alt=\"\" width=\"640\" height=\"480\" \/><\/a><\/p>\n<p><a href=\"https:\/\/www.facebook.com\/creapb\/photos\/?tab=album&amp;album_id=1069734456480725\">CONFIRA TODAS AS FOTOS DA DELEGA\u00c7\u00c3O PARAIBANA NA 73\u00aa SOEA<\/a><\/p>\n<p>&nbsp;<\/p>\n","protected":false},"excerpt":{"rendered":"<p>Mais de tr\u00eas mil participantes acompanharam os discursos de abertura e a cerim\u00f4nia que registra reconhecimento a 24 profissionais de destaque nas \u00e1reas tecnol\u00f3gicas brasileiras. Trata-se da solenidade de abertura da Semanada Oficial da Engenharia e da Agronomia (Soea). Em sua 73\u00aa edi\u00e7\u00e3o, neste ano a Soea \u00e9 realizada no munic\u00edpio paranaense de Foz do Igua\u00e7u at\u00e9 dia 1\u00ba de setembro. Logo ap\u00f3s, nos dias 2 e 3, ser\u00e1 promovido o 9\u00ba Congresso Nacional de Profissionais (CNP). Em seu discurso, o presidente do Confea, Jos\u00e9 Tadeu da Silva, ressaltou que o pa\u00eds passa por uma grave crise econ\u00f4mica, pol\u00edtica e [&hellip;]<\/p>\n","protected":false},"author":2,"featured_media":0,"comment_status":"closed","ping_status":"closed","sticky":false,"template":"","format":"standard","meta":{"_acf_changed":false,"footnotes":""},"categories":[9],"tags":[],"class_list":["post-13219","post","type-post","status-publish","format-standard","hentry","category-noticias"],"acf":[],"_links":{"self":[{"href":"https:\/\/creapb.org.br\/site\/wp-json\/wp\/v2\/posts\/13219","targetHints":{"allow":["GET"]}}],"collection":[{"href":"https:\/\/creapb.org.br\/site\/wp-json\/wp\/v2\/posts"}],"about":[{"href":"https:\/\/creapb.org.br\/site\/wp-json\/wp\/v2\/types\/post"}],"author":[{"embeddable":true,"href":"https:\/\/creapb.org.br\/site\/wp-json\/wp\/v2\/users\/2"}],"replies":[{"embeddable":true,"href":"https:\/\/creapb.org.br\/site\/wp-json\/wp\/v2\/comments?post=13219"}],"version-history":[{"count":0,"href":"https:\/\/creapb.org.br\/site\/wp-json\/wp\/v2\/posts\/13219\/revisions"}],"wp:attachment":[{"href":"https:\/\/creapb.org.br\/site\/wp-json\/wp\/v2\/media?parent=13219"}],"wp:term":[{"taxonomy":"category","embeddable":true,"href":"https:\/\/creapb.org.br\/site\/wp-json\/wp\/v2\/categories?post=13219"},{"taxonomy":"post_tag","embeddable":true,"href":"https:\/\/creapb.org.br\/site\/wp-json\/wp\/v2\/tags?post=13219"}],"curies":[{"name":"wp","href":"https:\/\/api.w.org\/{rel}","templated":true}]}}