{"id":13256,"date":"2016-09-08T14:32:46","date_gmt":"2016-09-08T17:32:46","guid":{"rendered":"http:\/\/www.creapb.org.br\/?p=13256"},"modified":"2016-12-19T10:51:08","modified_gmt":"2016-12-19T12:51:08","slug":"crea-pb-adere-propostas-do-segmento-de-pessoas-com-deficiencia","status":"publish","type":"post","link":"https:\/\/creapb.org.br\/site\/crea-pb-adere-propostas-do-segmento-de-pessoas-com-deficiencia\/","title":{"rendered":"Crea-PB adere a propostas do segmento de pessoas com Defici\u00eancia"},"content":{"rendered":"<p>Na manh\u00e3 desta quinta-feira (8), a presidente do Crea-PB, Giuc\u00e9lia Figueiredo, assinou documento elaborado pelo F\u00f3rum Paraibano de Luta da Pessoa com Defici\u00eancia &#8220;Inclus\u00e3o e Cidadania&#8221;, que \u00a0cont\u00e9m propostas de melhorias quanto as necessidades das pessoas com defici\u00eancia e destaca as\u00a0obriga\u00e7\u00f5es legais para os candidatos e candidatas ao executivo municipal nas elei\u00e7\u00f5es de 2016. O F\u00f3rum foi representado, na ocasi\u00e3o, por Douraci Vieira e Paulo Marques Pinto, ambos membros da Associa\u00e7\u00e3o de Deficientes e Familiares &#8211; ASDEF, que integra a Secretaria Executiva do F\u00f3rum. A Ouvidora do Crea-PB, Alm\u00e9ria Carniato, tamb\u00e9m esteve presente no ato da assinatura.<\/p>\n<p><a href=\"http:\/\/www.creapb.org.br\/creapb-admin\/wp-content\/uploads\/2016\/09\/por-uma-cidade-inclusiva.jpg\"><img fetchpriority=\"high\" decoding=\"async\" class=\"alignnone size-large wp-image-13257\" title=\"por uma cidade inclusiva\" src=\"http:\/\/www.creapb.org.br\/creapb-admin\/wp-content\/uploads\/2016\/09\/por-uma-cidade-inclusiva-1024x1024.jpg\" alt=\"\" width=\"640\" height=\"640\" \/><\/a><\/p>\n<p>O documento intitulado\u00a0<a href=\"http:\/\/asdef.org.br\/arquivopdf\/download\/eleicoes-2016-documento-para-os-candidatos.pdf\">&#8220;POR UMA CIDADE INCLUSIVA -Propostas do segmento de pessoas com defici\u00eancia e obriga\u00e7\u00f5es legais para os candidatos ao executivo municipal nas elei\u00e7\u00f5es 2016&#8221;<\/a>\u00a0foi formulado por representantes das associa\u00e7\u00f5es de pessoas com defici\u00eancia que comp\u00f5em o F\u00f3rum. Nele destacam-se\u00a0as principais obriga\u00e7\u00f5es legais que o munic\u00edpio tem para com as pessoas com defici\u00eancias, bem como as a\u00e7\u00f5es e pol\u00edticas p\u00fablicas que a lei determina ao munic\u00edpio, dentro de sua compet\u00eancia.<\/p>\n<p>O registro elenca as obriga\u00e7\u00f5es dos munic\u00edpios em rela\u00e7\u00e3o \u00e0 pessoa com defici\u00eancia, sendo elas o atendimento priorit\u00e1rio e diferenciado, os direitos fundamentais, o direito \u00e0 sa\u00fade, \u00e0 educa\u00e7\u00e3o, \u00e0 moradia, ao trabalho, \u00e0 assist\u00eancia social, ao esporte e ao paradesporto, \u00e0 mobilidade e ao transporte acess\u00edvel, o direito \u00e0 acessibilidade e o direito de ir e vir com seguran\u00e7a, o direito tamb\u00e9m a tecnologia assistiva e a ci\u00eancia e tecnologia. \u00a0No documento constam tamb\u00e9m algumas propostas elaboradas por representantes do segmento das pessoas com defici\u00eancia em complemento \u00e0 legisla\u00e7\u00e3o.\u00a0O material j\u00e1 foi entregue a uma parte dos candidatos \u00e0\u00a0prefeitura dos munic\u00edpios da Para\u00edba e representantes de \u00f3rg\u00e3os p\u00fablicos.<\/p>\n<p>Para os representante do F\u00f3rum, o poder p\u00fablico n\u00e3o tem cumprido sua parte, ou pela aus\u00eancia de implementa\u00e7\u00e3o das pol\u00edticas espec\u00edficas e adequadas, ou por falta de qualidade nos servi\u00e7os j\u00e1 instalados que n\u00e3o respondem \u00e0s necessidades da realidade desse segmento, mesmo o Brasil sendo signat\u00e1rio de um forte aparato legal em defesa das pessoas com defici\u00eancia.<\/p>\n<p>A ades\u00e3o do Crea-PB ao documento, de acordo com a presidente Giuc\u00e9lia Figueiredo, ratifica a luta que o Conselho j\u00e1 empreende em defesa das pessoas com defici\u00eancia, atuando fortemente, por exemplo, junto ao Minist\u00e9rio P\u00fablico da Para\u00edba nos assuntos relacionados \u00e0 Acessibilidade. &#8220;Temos orgulho em incorporar-nos neste esfor\u00e7o coletivo empregado por importantes entidades em prol dos direitos e qualidade de vida das pessoas com defici\u00eancia. O momento das elei\u00e7\u00f5es municipais \u00e9 oportuno para ampliarmos o debate e cobrarmos a\u00e7\u00f5es efetivas do Executivo. Juntos, podemos avan\u00e7ar neste tema e conquistar um estado mais inclusivo e democr\u00e1tico&#8221;, concluiu.<\/p>\n<p>Baixe o documento:\u00a0<a href=\"http:\/\/asdef.org.br\/arquivopdf\/download\/eleicoes-2016-documento-para-os-candidatos.pdf\">&#8220;POR UMA CIDADE INCLUSIVA -Propostas do segmento de pessoas com defici\u00eancia e obriga\u00e7\u00f5es legais para os candidatos ao executivo municipal nas elei\u00e7\u00f5es 2016&#8221;<\/a><\/p>\n<p>&nbsp;<\/p>\n<p>&#8211; Ascom CREA-PB com informa\u00e7\u00f5es da ASDEF<\/p>\n","protected":false},"excerpt":{"rendered":"<p>Na manh\u00e3 desta quinta-feira (8), a presidente do Crea-PB, Giuc\u00e9lia Figueiredo, assinou documento elaborado pelo F\u00f3rum Paraibano de Luta da Pessoa com Defici\u00eancia &#8220;Inclus\u00e3o e Cidadania&#8221;, que \u00a0cont\u00e9m propostas de melhorias quanto as necessidades das pessoas com defici\u00eancia e destaca as\u00a0obriga\u00e7\u00f5es legais para os candidatos e candidatas ao executivo municipal nas elei\u00e7\u00f5es de 2016. O F\u00f3rum foi representado, na ocasi\u00e3o, por Douraci Vieira e Paulo Marques Pinto, ambos membros da Associa\u00e7\u00e3o de Deficientes e Familiares &#8211; ASDEF, que integra a Secretaria Executiva do F\u00f3rum. A Ouvidora do Crea-PB, Alm\u00e9ria Carniato, tamb\u00e9m esteve presente no ato da assinatura. O documento intitulado\u00a0&#8220;POR [&hellip;]<\/p>\n","protected":false},"author":2,"featured_media":13347,"comment_status":"closed","ping_status":"closed","sticky":false,"template":"","format":"standard","meta":{"_acf_changed":false,"footnotes":""},"categories":[9,1],"tags":[],"class_list":["post-13256","post","type-post","status-publish","format-standard","has-post-thumbnail","hentry","category-noticias","category-sem-categoria"],"acf":[],"_links":{"self":[{"href":"https:\/\/creapb.org.br\/site\/wp-json\/wp\/v2\/posts\/13256","targetHints":{"allow":["GET"]}}],"collection":[{"href":"https:\/\/creapb.org.br\/site\/wp-json\/wp\/v2\/posts"}],"about":[{"href":"https:\/\/creapb.org.br\/site\/wp-json\/wp\/v2\/types\/post"}],"author":[{"embeddable":true,"href":"https:\/\/creapb.org.br\/site\/wp-json\/wp\/v2\/users\/2"}],"replies":[{"embeddable":true,"href":"https:\/\/creapb.org.br\/site\/wp-json\/wp\/v2\/comments?post=13256"}],"version-history":[{"count":1,"href":"https:\/\/creapb.org.br\/site\/wp-json\/wp\/v2\/posts\/13256\/revisions"}],"predecessor-version":[{"id":13348,"href":"https:\/\/creapb.org.br\/site\/wp-json\/wp\/v2\/posts\/13256\/revisions\/13348"}],"wp:featuredmedia":[{"embeddable":true,"href":"https:\/\/creapb.org.br\/site\/wp-json\/wp\/v2\/media\/13347"}],"wp:attachment":[{"href":"https:\/\/creapb.org.br\/site\/wp-json\/wp\/v2\/media?parent=13256"}],"wp:term":[{"taxonomy":"category","embeddable":true,"href":"https:\/\/creapb.org.br\/site\/wp-json\/wp\/v2\/categories?post=13256"},{"taxonomy":"post_tag","embeddable":true,"href":"https:\/\/creapb.org.br\/site\/wp-json\/wp\/v2\/tags?post=13256"}],"curies":[{"name":"wp","href":"https:\/\/api.w.org\/{rel}","templated":true}]}}