{"id":13320,"date":"2016-10-04T13:11:36","date_gmt":"2016-10-04T16:11:36","guid":{"rendered":"http:\/\/www.creapb.org.br\/?p=13320"},"modified":"2016-10-28T13:11:12","modified_gmt":"2016-10-28T15:11:12","slug":"plenario-do-confea-define-valores-de-anuidades-para-2017","status":"publish","type":"post","link":"https:\/\/creapb.org.br\/site\/plenario-do-confea-define-valores-de-anuidades-para-2017\/","title":{"rendered":"Plen\u00e1rio do Confea define valores de anuidades para 2017"},"content":{"rendered":"<p>Reunidos nesta semana, conselheiros deliberam at\u00e9 esta sexta-feira sobre rotinas profissionais. Entre as decis\u00f5es da manh\u00e3 desta quinta-feira (22\/9), o plen\u00e1rio definiu os valores de anuidade, multas e servi\u00e7os para 2017. A tabela apenas foi atualizada conforme o \u00cdndice Nacional de Pre\u00e7os ao Consumidor (INPC), que, de setembro de 2015 at\u00e9 a presente data, foi de 9,62%. Veja como ficaram os valores:<\/p>\n<p><a href=\"http:\/\/www.creapb.org.br\/creapb-admin\/wp-content\/uploads\/2016\/10\/valores2017_servicosA.jpg\"><img fetchpriority=\"high\" decoding=\"async\" class=\"alignnone size-full wp-image-13321\" title=\"valores2017_servicosA\" src=\"http:\/\/www.creapb.org.br\/creapb-admin\/wp-content\/uploads\/2016\/10\/valores2017_servicosA.jpg\" alt=\"\" width=\"445\" height=\"354\" \/><\/a><\/p>\n<p><a href=\"http:\/\/www.creapb.org.br\/creapb-admin\/wp-content\/uploads\/2016\/10\/valores2017_servicosB.jpg\"><img decoding=\"async\" class=\"alignnone size-full wp-image-13322\" title=\"valores2017_servicosB\" src=\"http:\/\/www.creapb.org.br\/creapb-admin\/wp-content\/uploads\/2016\/10\/valores2017_servicosB.jpg\" alt=\"\" width=\"446\" height=\"565\" \/><\/a><\/p>\n<p><a href=\"http:\/\/www.creapb.org.br\/creapb-admin\/wp-content\/uploads\/2016\/10\/valores2017_multas.jpg\"><img decoding=\"async\" class=\"alignnone size-full wp-image-13323\" title=\"valores2017_multas\" src=\"http:\/\/www.creapb.org.br\/creapb-admin\/wp-content\/uploads\/2016\/10\/valores2017_multas.jpg\" alt=\"\" width=\"383\" height=\"324\" \/><\/a><\/p>\n<p><a href=\"http:\/\/www.creapb.org.br\/creapb-admin\/wp-content\/uploads\/2016\/10\/valores2017_anuidadePJ1.jpg\"><img loading=\"lazy\" decoding=\"async\" class=\"alignnone size-full wp-image-13325\" title=\"valores2017_anuidadePJ\" src=\"http:\/\/www.creapb.org.br\/creapb-admin\/wp-content\/uploads\/2016\/10\/valores2017_anuidadePJ1.jpg\" alt=\"\" width=\"450\" height=\"330\" \/><\/a><\/p>\n<p>No caso das anuidades, o profissional pode parcelar o valor em cinco vezes. Quem pagar em cota \u00fanica at\u00e9 31 de janeiro recebe desconto de 15%. Quem preferir esperar at\u00e9 28 de fevereiro ter\u00e1 desconto de 10%.\u00a0<a href=\"http:\/\/normativos.confea.org.br\/ementas\/visualiza.asp?idEmenta=57696&amp;idTiposEmentas=5&amp;Numero=1066&amp;AnoIni=&amp;AnoFim=&amp;PalavraChave=&amp;buscarem=conteudo\" target=\"_blank\">Veja a resolu\u00e7\u00e3o que regula os crit\u00e9rios para cobran\u00e7a de anuidade<\/a>.<\/p>\n<p>&nbsp;<\/p>\n<p><strong>Geoprocessamento<\/strong><\/p>\n<p>Ainda entre os debates da manh\u00e3, os conselheiros aprovaram o posicionamento de defender o geoprocessamento como atividade exclusiva dos profissionais do Sistema Confea\/Crea. A discuss\u00e3o teve origem de processo iniciado no Crea-AM, em que um profissional questionou edital de concurso p\u00fablico do IBGE para analista de geoprocessamento. Conforme a den\u00fancia, o edital n\u00e3o exigiu forma\u00e7\u00e3o na \u00e1rea, sendo que dos cursos das profiss\u00f5es abrangidas pelo Sistema constam conte\u00fados como topografia, geod\u00e9sia, cartografia, geoprocessamento e georreferenciamento. Geoprocessamento \u00e9 uma \u00e1rea do conhecimento que utiliza t\u00e9cnicas matem\u00e1ticas e computacionais para o tratamento da informa\u00e7\u00e3o geogr\u00e1fica, e vem influenciando de maneira crescente as \u00e1reas de cartografia, an\u00e1lise de recursos naturais, transportes, comunica\u00e7\u00f5es, energia e planejamento urbano e regional.<\/p>\n<p>&nbsp;<\/p>\n<p><strong>In memoriam<\/strong><\/p>\n<p>J\u00e1 no per\u00edodo da tarde, no intervalo de relato de processos das comiss\u00f5es Ceep e CCSS, os conselheiros federais e a mesa diretiva da sess\u00e3o plen\u00e1ria fizeram um minuto de sil\u00eancio em lamento ao falecimento de Jos\u00e9 Maria Bezerra do Bomfim, 64 anos, ocorrido no dia 5 de setembro, em Foz do Igua\u00e7u (PR). O engenheiro qu\u00edmico, que atuava na inspetoria de Crate\u00fas (CE), estava na cidade paranaense onde participava do 9\u00ba Congresso Nacional de Profissionais (CNP). Internado desde o dia 3, Bomfim n\u00e3o resistiu \u00e0s complica\u00e7\u00f5es de um infarto do mioc\u00e1rdio.<\/p>\n<p>&nbsp;<\/p>\n<p>Fonte: Confea<\/p>\n","protected":false},"excerpt":{"rendered":"<p>Reunidos nesta semana, conselheiros deliberam at\u00e9 esta sexta-feira sobre rotinas profissionais. Entre as decis\u00f5es da manh\u00e3 desta quinta-feira (22\/9), o plen\u00e1rio definiu os valores de anuidade, multas e servi\u00e7os para 2017. A tabela apenas foi atualizada conforme o \u00cdndice Nacional de Pre\u00e7os ao Consumidor (INPC), que, de setembro de 2015 at\u00e9 a presente data, foi de 9,62%. Veja como ficaram os valores: No caso das anuidades, o profissional pode parcelar o valor em cinco vezes. Quem pagar em cota \u00fanica at\u00e9 31 de janeiro recebe desconto de 15%. Quem preferir esperar at\u00e9 28 de fevereiro ter\u00e1 desconto de 10%.\u00a0Veja a [&hellip;]<\/p>\n","protected":false},"author":2,"featured_media":13354,"comment_status":"closed","ping_status":"closed","sticky":false,"template":"","format":"standard","meta":{"_acf_changed":false,"footnotes":""},"categories":[9],"tags":[],"class_list":["post-13320","post","type-post","status-publish","format-standard","has-post-thumbnail","hentry","category-noticias"],"acf":[],"_links":{"self":[{"href":"https:\/\/creapb.org.br\/site\/wp-json\/wp\/v2\/posts\/13320","targetHints":{"allow":["GET"]}}],"collection":[{"href":"https:\/\/creapb.org.br\/site\/wp-json\/wp\/v2\/posts"}],"about":[{"href":"https:\/\/creapb.org.br\/site\/wp-json\/wp\/v2\/types\/post"}],"author":[{"embeddable":true,"href":"https:\/\/creapb.org.br\/site\/wp-json\/wp\/v2\/users\/2"}],"replies":[{"embeddable":true,"href":"https:\/\/creapb.org.br\/site\/wp-json\/wp\/v2\/comments?post=13320"}],"version-history":[{"count":1,"href":"https:\/\/creapb.org.br\/site\/wp-json\/wp\/v2\/posts\/13320\/revisions"}],"predecessor-version":[{"id":13355,"href":"https:\/\/creapb.org.br\/site\/wp-json\/wp\/v2\/posts\/13320\/revisions\/13355"}],"wp:featuredmedia":[{"embeddable":true,"href":"https:\/\/creapb.org.br\/site\/wp-json\/wp\/v2\/media\/13354"}],"wp:attachment":[{"href":"https:\/\/creapb.org.br\/site\/wp-json\/wp\/v2\/media?parent=13320"}],"wp:term":[{"taxonomy":"category","embeddable":true,"href":"https:\/\/creapb.org.br\/site\/wp-json\/wp\/v2\/categories?post=13320"},{"taxonomy":"post_tag","embeddable":true,"href":"https:\/\/creapb.org.br\/site\/wp-json\/wp\/v2\/tags?post=13320"}],"curies":[{"name":"wp","href":"https:\/\/api.w.org\/{rel}","templated":true}]}}