{"id":13438,"date":"2016-11-14T14:11:51","date_gmt":"2016-11-14T17:11:51","guid":{"rendered":"http:\/\/www.creapb.org.br\/?p=13438"},"modified":"2016-12-19T10:51:08","modified_gmt":"2016-12-19T12:51:08","slug":"paraiba-sedia-forum-de-presidentes-de-creas-do-nordeste","status":"publish","type":"post","link":"https:\/\/creapb.org.br\/site\/paraiba-sedia-forum-de-presidentes-de-creas-do-nordeste\/","title":{"rendered":"Para\u00edba sedia f\u00f3rum de presidentes de Creas do Nordeste"},"content":{"rendered":"<p>&nbsp;<\/p>\n<p>Nesta segunda-feira (14), o Conselho Regional de Engenharia e Agronomia da Para\u00edba (Crea-PB) recebe os presidentes dos Creas de toda regi\u00e3o Nordeste. O encontro, que est\u00e1 em sua sexta edi\u00e7\u00e3o este ano, acontece na sede do Conselho, em Jo\u00e3o Pessoa. O objetivo \u00e9 reunir os representantes dos Conselhos para viabilizar a unidade de a\u00e7\u00e3o e uniformidade de procedimentos das entidades da regi\u00e3o. O presidente do Crea-PE, eng. civil Evandro Alencar, \u00e9 quem coordena o F\u00f3rum.<\/p>\n<p>Para a anfitri\u00e3 do F\u00f3rum, Giuc\u00e9lia Figueiredo, presidente do Crea-PB, a reuni\u00e3o dos Creas de todo Nordeste \u00e9 de extrema import\u00e2ncia por ser a oportunidade de avaliar, debater e propor caminhos para as particularidades enfrentadas pelos Conselhos da Regi\u00e3o. Durante a abertura, ela deu as boas vindas aos participantes e demonstrou a satisfa\u00e7\u00e3o em sediar o evento, contribuindo para o aprimoramento do sistema Confea\/Crea e discutindo melhorias na presta\u00e7\u00e3o de servi\u00e7os dos Creas para a sociedade.<\/p>\n<p><a href=\"http:\/\/www.creapb.org.br\/creapb-admin\/wp-content\/uploads\/2016\/11\/P1310438.jpg\"><img fetchpriority=\"high\" decoding=\"async\" class=\"alignnone size-large wp-image-13440\" title=\"P1310438\" src=\"http:\/\/www.creapb.org.br\/creapb-admin\/wp-content\/uploads\/2016\/11\/P1310438-1024x768.jpg\" alt=\"\" width=\"640\" height=\"480\" \/><\/a><\/p>\n<p>Durante a manh\u00e3, esteve em pauta a Tecnologia da Informa\u00e7\u00e3o dos Creas. Silvanos Dantas, representante da empresa respons\u00e1vel pelo Sitac- Sistema de informa\u00e7\u00f5es t\u00e9cnicas e administrativas, participou da reuni\u00e3o, fazendo uma exposi\u00e7\u00e3o sobre o funcionamento do sistema e as melhorias pelas quais deve passar para atender melhor as necessidades dos Creas. O Sitac \u00e9 um sistema eletr\u00f4nico pioneiro no Brasil, que disponibiliza todos os servi\u00e7os do Conselho online, como a solicita\u00e7\u00e3o de registro de profissional\/empresa, registro de ARTs, den\u00fancias \u00e0 ouvidoria, etc. Hoje, 17 Creas de todo pa\u00eds j\u00e1 aderiram ao sistema, implantado primeiro pelo Crea-PB.<\/p>\n<p>Os trabalhos do F\u00f3rum de presidentes de Creas do Nordeste se estende at\u00e9 a tarde desta segunda. No segundo momento do encontro, os presidentes discutir\u00e3o a altera\u00e7\u00e3o da Resolu\u00e7\u00e3o 229\/1975, que trata sobre a regulariza\u00e7\u00e3o de trabalhos de engenharia e agronomia iniciados sem a participa\u00e7\u00e3o efetiva de respons\u00e1vel t\u00e9cnico.<\/p>\n","protected":false},"excerpt":{"rendered":"<p>&nbsp; Nesta segunda-feira (14), o Conselho Regional de Engenharia e Agronomia da Para\u00edba (Crea-PB) recebe os presidentes dos Creas de toda regi\u00e3o Nordeste. O encontro, que est\u00e1 em sua sexta edi\u00e7\u00e3o este ano, acontece na sede do Conselho, em Jo\u00e3o Pessoa. O objetivo \u00e9 reunir os representantes dos Conselhos para viabilizar a unidade de a\u00e7\u00e3o e uniformidade de procedimentos das entidades da regi\u00e3o. O presidente do Crea-PE, eng. civil Evandro Alencar, \u00e9 quem coordena o F\u00f3rum. Para a anfitri\u00e3 do F\u00f3rum, Giuc\u00e9lia Figueiredo, presidente do Crea-PB, a reuni\u00e3o dos Creas de todo Nordeste \u00e9 de extrema import\u00e2ncia por ser a [&hellip;]<\/p>\n","protected":false},"author":2,"featured_media":13445,"comment_status":"closed","ping_status":"closed","sticky":false,"template":"","format":"standard","meta":{"_acf_changed":false,"footnotes":""},"categories":[9,1],"tags":[],"class_list":["post-13438","post","type-post","status-publish","format-standard","has-post-thumbnail","hentry","category-noticias","category-sem-categoria"],"acf":[],"_links":{"self":[{"href":"https:\/\/creapb.org.br\/site\/wp-json\/wp\/v2\/posts\/13438","targetHints":{"allow":["GET"]}}],"collection":[{"href":"https:\/\/creapb.org.br\/site\/wp-json\/wp\/v2\/posts"}],"about":[{"href":"https:\/\/creapb.org.br\/site\/wp-json\/wp\/v2\/types\/post"}],"author":[{"embeddable":true,"href":"https:\/\/creapb.org.br\/site\/wp-json\/wp\/v2\/users\/2"}],"replies":[{"embeddable":true,"href":"https:\/\/creapb.org.br\/site\/wp-json\/wp\/v2\/comments?post=13438"}],"version-history":[{"count":1,"href":"https:\/\/creapb.org.br\/site\/wp-json\/wp\/v2\/posts\/13438\/revisions"}],"predecessor-version":[{"id":13592,"href":"https:\/\/creapb.org.br\/site\/wp-json\/wp\/v2\/posts\/13438\/revisions\/13592"}],"wp:featuredmedia":[{"embeddable":true,"href":"https:\/\/creapb.org.br\/site\/wp-json\/wp\/v2\/media\/13445"}],"wp:attachment":[{"href":"https:\/\/creapb.org.br\/site\/wp-json\/wp\/v2\/media?parent=13438"}],"wp:term":[{"taxonomy":"category","embeddable":true,"href":"https:\/\/creapb.org.br\/site\/wp-json\/wp\/v2\/categories?post=13438"},{"taxonomy":"post_tag","embeddable":true,"href":"https:\/\/creapb.org.br\/site\/wp-json\/wp\/v2\/tags?post=13438"}],"curies":[{"name":"wp","href":"https:\/\/api.w.org\/{rel}","templated":true}]}}