{"id":13498,"date":"2016-12-01T14:20:42","date_gmt":"2016-12-01T17:20:42","guid":{"rendered":"http:\/\/www.creapb.org.br\/?p=13498"},"modified":"2016-12-01T14:20:42","modified_gmt":"2016-12-01T17:20:42","slug":"crea-pb-promove-leilao-de-bens-moveis","status":"publish","type":"post","link":"https:\/\/creapb.org.br\/site\/crea-pb-promove-leilao-de-bens-moveis\/","title":{"rendered":"Crea-PB promove Leil\u00e3o de bens m\u00f3veis"},"content":{"rendered":"<p><a href=\"http:\/\/www.creapb.org.br\/creapb-admin\/wp-content\/uploads\/2016\/12\/carro-crea-pb.jpg\"><img fetchpriority=\"high\" decoding=\"async\" class=\"alignnone size-full wp-image-13499\" title=\"carro crea pb\" src=\"http:\/\/www.creapb.org.br\/creapb-admin\/wp-content\/uploads\/2016\/12\/carro-crea-pb.jpg\" alt=\"\" width=\"459\" height=\"258\" \/><\/a><\/p>\n<p>O Conselho Regional de Engenharia e Agronomia da Para\u00edba promover\u00e1, no pr\u00f3ximo dia 15 de dezembro, um leil\u00e3o de bens m\u00f3veis inserv\u00edveis \u00e0 administra\u00e7\u00e3o do Conselho. O leil\u00e3o ser\u00e1 realizado presencial e eletronicamente, ocorrendo o presencial no audit\u00f3rio do SENAI, em Jo\u00e3o Pessoa.<\/p>\n<p>De acordo com o edital, a dura\u00e7\u00e3o do leil\u00e3o ficar\u00e1 a crit\u00e9rio do leiloeiro e ter\u00e1 o tempo necess\u00e1rio para que todos que desejarem tenha oportunidade de oferecerem seus lances. A abertura para lances na modalidade eletr\u00f4nica (on line), atrav\u00e9s do site; www.leiloespb.com.br ser\u00e1 a partir do dia 30 de novembro de 2016 at\u00e9 a data de realiza\u00e7\u00e3o do Leil\u00e3o Presencial. Poder\u00e3o participar do Leil\u00e3o toda pessoa jur\u00eddica e f\u00edsica. Sendo a pessoa f\u00edsica maior de idade ou emancipados na forma da Lei.<\/p>\n<p><a href=\"http:\/\/www.leiloespb.com.br\/leilao\/leiloes\/visualizar_leilao\/139\">ACESSE AQUI O LEIL\u00c3O ELETR\u00d4NICO E EDITAL<\/a><\/p>\n","protected":false},"excerpt":{"rendered":"<p>O Conselho Regional de Engenharia e Agronomia da Para\u00edba promover\u00e1, no pr\u00f3ximo dia 15 de dezembro, um leil\u00e3o de bens m\u00f3veis inserv\u00edveis \u00e0 administra\u00e7\u00e3o do Conselho. O leil\u00e3o ser\u00e1 realizado presencial e eletronicamente, ocorrendo o presencial no audit\u00f3rio do SENAI, em Jo\u00e3o Pessoa. De acordo com o edital, a dura\u00e7\u00e3o do leil\u00e3o ficar\u00e1 a crit\u00e9rio do leiloeiro e ter\u00e1 o tempo necess\u00e1rio para que todos que desejarem tenha oportunidade de oferecerem seus lances. A abertura para lances na modalidade eletr\u00f4nica (on line), atrav\u00e9s do site; www.leiloespb.com.br ser\u00e1 a partir do dia 30 de novembro de 2016 at\u00e9 a data de [&hellip;]<\/p>\n","protected":false},"author":2,"featured_media":0,"comment_status":"closed","ping_status":"closed","sticky":false,"template":"","format":"standard","meta":{"_acf_changed":false,"footnotes":""},"categories":[9],"tags":[],"class_list":["post-13498","post","type-post","status-publish","format-standard","hentry","category-noticias"],"acf":[],"_links":{"self":[{"href":"https:\/\/creapb.org.br\/site\/wp-json\/wp\/v2\/posts\/13498","targetHints":{"allow":["GET"]}}],"collection":[{"href":"https:\/\/creapb.org.br\/site\/wp-json\/wp\/v2\/posts"}],"about":[{"href":"https:\/\/creapb.org.br\/site\/wp-json\/wp\/v2\/types\/post"}],"author":[{"embeddable":true,"href":"https:\/\/creapb.org.br\/site\/wp-json\/wp\/v2\/users\/2"}],"replies":[{"embeddable":true,"href":"https:\/\/creapb.org.br\/site\/wp-json\/wp\/v2\/comments?post=13498"}],"version-history":[{"count":0,"href":"https:\/\/creapb.org.br\/site\/wp-json\/wp\/v2\/posts\/13498\/revisions"}],"wp:attachment":[{"href":"https:\/\/creapb.org.br\/site\/wp-json\/wp\/v2\/media?parent=13498"}],"wp:term":[{"taxonomy":"category","embeddable":true,"href":"https:\/\/creapb.org.br\/site\/wp-json\/wp\/v2\/categories?post=13498"},{"taxonomy":"post_tag","embeddable":true,"href":"https:\/\/creapb.org.br\/site\/wp-json\/wp\/v2\/tags?post=13498"}],"curies":[{"name":"wp","href":"https:\/\/api.w.org\/{rel}","templated":true}]}}