{"id":13559,"date":"2016-10-10T17:14:50","date_gmt":"2016-10-10T20:14:50","guid":{"rendered":"http:\/\/www.creapb.org.br\/?p=13346"},"modified":"2016-10-10T17:14:50","modified_gmt":"2016-10-10T20:14:50","slug":"abee-pb-promove-curso","status":"publish","type":"post","link":"https:\/\/creapb.org.br\/site\/abee-pb-promove-curso\/","title":{"rendered":"Abee-PB promove curso b\u00e1sico de Prote\u00e7\u00e3o em M\u00e9dia Tens\u00e3o"},"content":{"rendered":"<p><a href=\"http:\/\/www.creapb.org.br\/creapb-admin\/wp-content\/uploads\/2016\/10\/curso-abee.jpg\"><img fetchpriority=\"high\" decoding=\"async\" class=\"alignnone  wp-image-13347\" title=\"curso abee\" src=\"http:\/\/www.creapb.org.br\/creapb-admin\/wp-content\/uploads\/2016\/10\/curso-abee.jpg\" alt=\"\" width=\"691\" height=\"691\" \/><\/a><\/p>\n<p>A Associa\u00e7\u00e3o Brasileira de Engenheiros Eletricistas promove, de 17 a 20 de outubro, no audit\u00f3rio do Crea-PB, o &#8220;Curso B\u00e1sico de Prote\u00e7\u00e3o em M\u00e9dia Tens\u00e3o&#8221;. O curso \u00e9 uma oportunidade para aperfei\u00e7oamento dos profissionais que atuam na \u00e1rea de pot\u00eancia, em especial em projetos de instala\u00e7\u00f5es de subesta\u00e7\u00f5es el\u00e9tricas.<\/p>\n<p>As inscri\u00e7\u00e3o podem ser efetuadas at\u00e9 o dia\u00a015\/10\/2016. Para mais informa\u00e7\u00f5es, \u00e9 poss\u00edvel entrar em contato atrav\u00e9s dos seguintes contatos:<br \/>\nFones: (83) 98772-0035 \/ (83) 3241-2328<br \/>\nEmail: vendas@marcaengenharia.com<wbr>.br<\/wbr><\/p>\n<div><span class=\"fbPhotosPhotoCaption\" style=\"outline: none; display: inline; width: auto; font-size: 14px; line-height: 18px; color: #1d2129; font-family: helvetica, arial, sans-serif; background-color: #ffffff;\" data-ft=\"{&quot;tn&quot;:&quot;K&quot;}\"><span class=\"hasCaption\"><br \/>\n<\/span><\/span><\/div>\n","protected":false},"excerpt":{"rendered":"<p>A Associa\u00e7\u00e3o Brasileira de Engenheiros Eletricistas promove, de 17 a 20 de outubro, no audit\u00f3rio do Crea-PB, o &#8220;Curso B\u00e1sico de Prote\u00e7\u00e3o em M\u00e9dia Tens\u00e3o&#8221;. O curso \u00e9 uma oportunidade para aperfei\u00e7oamento dos profissionais que atuam na \u00e1rea de pot\u00eancia, em especial em projetos de instala\u00e7\u00f5es de subesta\u00e7\u00f5es el\u00e9tricas. As inscri\u00e7\u00e3o podem ser efetuadas at\u00e9 o dia\u00a015\/10\/2016. Para mais informa\u00e7\u00f5es, \u00e9 poss\u00edvel entrar em contato atrav\u00e9s dos seguintes contatos: Fones: (83) 98772-0035 \/ (83) 3241-2328 Email: vendas@marcaengenharia.com.br<\/p>\n","protected":false},"author":2,"featured_media":0,"comment_status":"closed","ping_status":"closed","sticky":false,"template":"","format":"standard","meta":{"_acf_changed":false,"footnotes":""},"categories":[9],"tags":[],"class_list":["post-13559","post","type-post","status-publish","format-standard","hentry","category-noticias"],"acf":[],"_links":{"self":[{"href":"https:\/\/creapb.org.br\/site\/wp-json\/wp\/v2\/posts\/13559","targetHints":{"allow":["GET"]}}],"collection":[{"href":"https:\/\/creapb.org.br\/site\/wp-json\/wp\/v2\/posts"}],"about":[{"href":"https:\/\/creapb.org.br\/site\/wp-json\/wp\/v2\/types\/post"}],"author":[{"embeddable":true,"href":"https:\/\/creapb.org.br\/site\/wp-json\/wp\/v2\/users\/2"}],"replies":[{"embeddable":true,"href":"https:\/\/creapb.org.br\/site\/wp-json\/wp\/v2\/comments?post=13559"}],"version-history":[{"count":0,"href":"https:\/\/creapb.org.br\/site\/wp-json\/wp\/v2\/posts\/13559\/revisions"}],"wp:attachment":[{"href":"https:\/\/creapb.org.br\/site\/wp-json\/wp\/v2\/media?parent=13559"}],"wp:term":[{"taxonomy":"category","embeddable":true,"href":"https:\/\/creapb.org.br\/site\/wp-json\/wp\/v2\/categories?post=13559"},{"taxonomy":"post_tag","embeddable":true,"href":"https:\/\/creapb.org.br\/site\/wp-json\/wp\/v2\/tags?post=13559"}],"curies":[{"name":"wp","href":"https:\/\/api.w.org\/{rel}","templated":true}]}}