{"id":13565,"date":"2016-10-25T16:59:51","date_gmt":"2016-10-25T19:59:51","guid":{"rendered":"http:\/\/www.creapb.org.br\/?p=13396"},"modified":"2016-10-25T16:59:51","modified_gmt":"2016-10-25T19:59:51","slug":"crea-e-mutua-reunem-servidoras-para-palestra-sobre-cancer-de-mama-2","status":"publish","type":"post","link":"https:\/\/creapb.org.br\/site\/crea-e-mutua-reunem-servidoras-para-palestra-sobre-cancer-de-mama-2\/","title":{"rendered":"Crea e M\u00fatua re\u00fanem servidoras para palestra sobre c\u00e2ncer de mama"},"content":{"rendered":"<p><a href=\"http:\/\/www.creapb.org.br\/creapb-admin\/wp-content\/uploads\/2016\/10\/P1310075.jpg\"><img fetchpriority=\"high\" decoding=\"async\" class=\"alignnone size-large wp-image-13397\" title=\"P1310075\" src=\"http:\/\/www.creapb.org.br\/creapb-admin\/wp-content\/uploads\/2016\/10\/P1310075-1024x768.jpg\" alt=\"\" width=\"640\" height=\"480\" \/><\/a><\/p>\n<p>O CREA-PB, em parceria com a M\u00fatua, recebeu na tarde desta ter\u00e7a-feira (25) uma equipe do Espa\u00e7o Viver Mulher, da Unimed, para uma palestra e debate sobre o c\u00e2ncer de mama, suas causas, preven\u00e7\u00f5es, tratamento, mitos e verdades. As servidoras do Conselho e da Caixa de Assist\u00eancia participaram da a\u00e7\u00e3o, que aconteceu no Plen\u00e1rio do Crea-PB.<\/p>\n<p>A palestra \u00e9 uma iniciativa das duas institui\u00e7\u00f5es para lembrar o Outubro Rosa, campanha mundial de combate ao c\u00e2ncer de mama. O Diretor da M\u00fatua-PB, Ant\u00f4nio Cunha, participou da abertura e lembrou a import\u00e2ncia da preven\u00e7\u00e3o, destacando que a Caixa de Assist\u00eancia dos Profissionais do Crea tem sempre a inten\u00e7\u00e3o de apoiar estes eventos, disseminando informa\u00e7\u00f5es importantes para a sa\u00fade do trabalhador e de sua fam\u00edlia.<\/p>\n<p>As enfermeiras Amanda Lima e Ang\u00e9lica Dkarla fizeram uma apresenta\u00e7\u00e3o interativa, explicando como a doen\u00e7a se desenvolve, quais seus fatores de risco e como prevenir-se. Elas lembraram que o Outubro Rosa n\u00e3o \u00e9 o \u00fanico m\u00eas para enfrentar a doen\u00e7a, apenas um momento para lembrar o enfrentamento \u00e0 doen\u00e7a, que \u00e9 uma das \u00a0que mais mata mulheres no Brasil.\u00a0Cerca de 57 mil pessoas recebem diagn\u00f3stico de c\u00e2ncer de mama por ano no pa\u00eds.<\/p>\n<p>&nbsp;<\/p>\n","protected":false},"excerpt":{"rendered":"<p>O CREA-PB, em parceria com a M\u00fatua, recebeu na tarde desta ter\u00e7a-feira (25) uma equipe do Espa\u00e7o Viver Mulher, da Unimed, para uma palestra e debate sobre o c\u00e2ncer de mama, suas causas, preven\u00e7\u00f5es, tratamento, mitos e verdades. As servidoras do Conselho e da Caixa de Assist\u00eancia participaram da a\u00e7\u00e3o, que aconteceu no Plen\u00e1rio do Crea-PB. A palestra \u00e9 uma iniciativa das duas institui\u00e7\u00f5es para lembrar o Outubro Rosa, campanha mundial de combate ao c\u00e2ncer de mama. O Diretor da M\u00fatua-PB, Ant\u00f4nio Cunha, participou da abertura e lembrou a import\u00e2ncia da preven\u00e7\u00e3o, destacando que a Caixa de Assist\u00eancia dos Profissionais [&hellip;]<\/p>\n","protected":false},"author":2,"featured_media":0,"comment_status":"closed","ping_status":"closed","sticky":false,"template":"","format":"standard","meta":{"_acf_changed":false,"footnotes":""},"categories":[9],"tags":[],"class_list":["post-13565","post","type-post","status-publish","format-standard","hentry","category-noticias"],"acf":[],"_links":{"self":[{"href":"https:\/\/creapb.org.br\/site\/wp-json\/wp\/v2\/posts\/13565","targetHints":{"allow":["GET"]}}],"collection":[{"href":"https:\/\/creapb.org.br\/site\/wp-json\/wp\/v2\/posts"}],"about":[{"href":"https:\/\/creapb.org.br\/site\/wp-json\/wp\/v2\/types\/post"}],"author":[{"embeddable":true,"href":"https:\/\/creapb.org.br\/site\/wp-json\/wp\/v2\/users\/2"}],"replies":[{"embeddable":true,"href":"https:\/\/creapb.org.br\/site\/wp-json\/wp\/v2\/comments?post=13565"}],"version-history":[{"count":0,"href":"https:\/\/creapb.org.br\/site\/wp-json\/wp\/v2\/posts\/13565\/revisions"}],"wp:attachment":[{"href":"https:\/\/creapb.org.br\/site\/wp-json\/wp\/v2\/media?parent=13565"}],"wp:term":[{"taxonomy":"category","embeddable":true,"href":"https:\/\/creapb.org.br\/site\/wp-json\/wp\/v2\/categories?post=13565"},{"taxonomy":"post_tag","embeddable":true,"href":"https:\/\/creapb.org.br\/site\/wp-json\/wp\/v2\/tags?post=13565"}],"curies":[{"name":"wp","href":"https:\/\/api.w.org\/{rel}","templated":true}]}}