{"id":13569,"date":"2016-11-01T14:08:28","date_gmt":"2016-11-01T17:08:28","guid":{"rendered":"http:\/\/www.creapb.org.br\/?p=13417"},"modified":"2016-11-01T14:08:28","modified_gmt":"2016-11-01T17:08:28","slug":"em-comemoracao-aos-seus-20-anos-cpr-pb-promove-seminario-sobre-saude-e-seguranca-do-trabalho","status":"publish","type":"post","link":"https:\/\/creapb.org.br\/site\/em-comemoracao-aos-seus-20-anos-cpr-pb-promove-seminario-sobre-saude-e-seguranca-do-trabalho\/","title":{"rendered":"Em comemora\u00e7\u00e3o aos seus 20 anos, CPR-PB promove Semin\u00e1rio sobre sa\u00fade e seguran\u00e7a do trabalho"},"content":{"rendered":"<p>O Comit\u00ea Permanente Regional sobre Condi\u00e7\u00f5es e Meio Ambiente do Trabalho na Ind\u00fastria da Constru\u00e7\u00e3o da Para\u00edba \u00a0(CPR-PB), do qual o Crea faz parte, completa em 2016 seus 20 anos de exist\u00eancia e atua\u00e7\u00e3o. Para comemorar a data, o Comit\u00ea, que re\u00fane mensalmente profissionais e entidades ligadas \u00e0 constru\u00e7\u00e3o civil, promove em novembro o Semin\u00e1rio &#8220;SEGURAN\u00c7A E SA\u00daDE NO TRABALHO NA IND\u00daSTRIA DA CONSTRU\u00c7\u00c3O&#8221;.<\/p>\n<p>O evento ocorrer\u00e1 no dia 29 de novembro, no audit\u00f3rio da Faculdade Maur\u00edcio de Nassau, em Jo\u00e3o Pessoa. A inscri\u00e7\u00e3o pode ser feita atrav\u00e9s do email: cprpb20anos@gmail.com.<\/p>\n<p>Confira a programa\u00e7\u00e3o completa:<\/p>\n<p><a href=\"http:\/\/www.creapb.org.br\/creapb-admin\/wp-content\/uploads\/2016\/11\/Folder_semin\u00e1rio-20-anos-CPR-PB-page-001.jpg\"><img fetchpriority=\"high\" decoding=\"async\" class=\"alignnone size-large wp-image-13418\" title=\"Folder_semin\u00e1rio 20 anos CPR-PB-page-001\" src=\"http:\/\/www.creapb.org.br\/creapb-admin\/wp-content\/uploads\/2016\/11\/Folder_semin\u00e1rio-20-anos-CPR-PB-page-001-723x1024.jpg\" alt=\"\" width=\"640\" height=\"906\" \/><\/a><\/p>\n<p><a href=\"http:\/\/www.creapb.org.br\/creapb-admin\/wp-content\/uploads\/2016\/11\/Folder_semin\u00e1rio-20-anos-CPR-PB-page-002.jpg\"><img decoding=\"async\" class=\"alignnone size-large wp-image-13419\" title=\"Folder_semin\u00e1rio 20 anos CPR-PB-page-002\" src=\"http:\/\/www.creapb.org.br\/creapb-admin\/wp-content\/uploads\/2016\/11\/Folder_semin\u00e1rio-20-anos-CPR-PB-page-002-723x1024.jpg\" alt=\"\" width=\"640\" height=\"906\" \/><\/a><\/p>\n","protected":false},"excerpt":{"rendered":"<p>O Comit\u00ea Permanente Regional sobre Condi\u00e7\u00f5es e Meio Ambiente do Trabalho na Ind\u00fastria da Constru\u00e7\u00e3o da Para\u00edba \u00a0(CPR-PB), do qual o Crea faz parte, completa em 2016 seus 20 anos de exist\u00eancia e atua\u00e7\u00e3o. Para comemorar a data, o Comit\u00ea, que re\u00fane mensalmente profissionais e entidades ligadas \u00e0 constru\u00e7\u00e3o civil, promove em novembro o Semin\u00e1rio &#8220;SEGURAN\u00c7A E SA\u00daDE NO TRABALHO NA IND\u00daSTRIA DA CONSTRU\u00c7\u00c3O&#8221;. O evento ocorrer\u00e1 no dia 29 de novembro, no audit\u00f3rio da Faculdade Maur\u00edcio de Nassau, em Jo\u00e3o Pessoa. A inscri\u00e7\u00e3o pode ser feita atrav\u00e9s do email: cprpb20anos@gmail.com. Confira a programa\u00e7\u00e3o completa:<\/p>\n","protected":false},"author":2,"featured_media":0,"comment_status":"closed","ping_status":"closed","sticky":false,"template":"","format":"standard","meta":{"_acf_changed":false,"footnotes":""},"categories":[9],"tags":[],"class_list":["post-13569","post","type-post","status-publish","format-standard","hentry","category-noticias"],"acf":[],"_links":{"self":[{"href":"https:\/\/creapb.org.br\/site\/wp-json\/wp\/v2\/posts\/13569","targetHints":{"allow":["GET"]}}],"collection":[{"href":"https:\/\/creapb.org.br\/site\/wp-json\/wp\/v2\/posts"}],"about":[{"href":"https:\/\/creapb.org.br\/site\/wp-json\/wp\/v2\/types\/post"}],"author":[{"embeddable":true,"href":"https:\/\/creapb.org.br\/site\/wp-json\/wp\/v2\/users\/2"}],"replies":[{"embeddable":true,"href":"https:\/\/creapb.org.br\/site\/wp-json\/wp\/v2\/comments?post=13569"}],"version-history":[{"count":0,"href":"https:\/\/creapb.org.br\/site\/wp-json\/wp\/v2\/posts\/13569\/revisions"}],"wp:attachment":[{"href":"https:\/\/creapb.org.br\/site\/wp-json\/wp\/v2\/media?parent=13569"}],"wp:term":[{"taxonomy":"category","embeddable":true,"href":"https:\/\/creapb.org.br\/site\/wp-json\/wp\/v2\/categories?post=13569"},{"taxonomy":"post_tag","embeddable":true,"href":"https:\/\/creapb.org.br\/site\/wp-json\/wp\/v2\/tags?post=13569"}],"curies":[{"name":"wp","href":"https:\/\/api.w.org\/{rel}","templated":true}]}}