{"id":13570,"date":"2016-11-04T21:36:47","date_gmt":"2016-11-05T00:36:47","guid":{"rendered":"http:\/\/www.creapb.org.br\/?p=13423"},"modified":"2016-11-04T21:36:47","modified_gmt":"2016-11-05T00:36:47","slug":"abee-pb-promove-curso-tecnicas-de-aterramento-eletrico","status":"publish","type":"post","link":"https:\/\/creapb.org.br\/site\/abee-pb-promove-curso-tecnicas-de-aterramento-eletrico\/","title":{"rendered":"Abee-PB promove curso &#8220;T\u00e9cnicas de Aterramento El\u00e9trico&#8221;"},"content":{"rendered":"<p>A ABEE-PB em parceria com o Prof. AMILCAR trazem a Jo\u00e3o Pessoa mais esta oportunidade pra voc\u00ea aprofundar os seus conhecimentos nesta \u00e1rea, a qual raramente se ver durante os cursos regulares da \u00e1rea el\u00e9trica.<\/p>\n<p>Com larga experi\u00eancia o Prof. Amilcar transmite esses conhecimentos e as atuais t\u00e9cnicas utilizadas para os c\u00e1lculos de estratifica\u00e7\u00e3o do solo e o correto dimensionamento seguro de malhas.<\/p>\n<p>O curso ser\u00e1 realizado no audit\u00f3rio da\u00a0<span style=\"text-decoration: underline;\">Caixa de Assist\u00eanca dos Profissionais do CREA \u2013 PB (MUTUA), na Av. D. Pedro I, 827, Centro,<\/span>\u00a0vizinho ao CREA, no per\u00edodo de\u00a0<span style=\"text-decoration: underline;\">07 a 19 de novembro de 2016<\/span>, sendo aulas te\u00f3ricas no hor\u00e1rio de 18:00h \u00e0s 22:00h,\u00a0segunda\u00a0a\u00a0sexta-feira e, aulas pr\u00e1ticas nos s\u00e1bados, dias 12 e 19, de 8:00h \u00e0s 18:00h.<\/p>\n<p>Publico alvo: Engenheiros, projetistas e eletrot\u00e9cnicos que atuam na \u00e1rea el\u00e9trica e outros profissionais interessados no assunto.<\/p>\n<p>Investimento: R$ 1.600,00<\/p>\n<p>Forma de pagamento: \u00c0 vista ou em 3 vezes no cart\u00e3o de cr\u00e9dito ou em cheques pr\u00e9-datados.<\/p>\n<p><span style=\"text-decoration: underline;\">S\u00f3cios da ABEE-PB em dia\u00a0ter\u00e3o um desconto de 10% = R$ 160,00<\/span>.<\/p>\n<p>Ao final do curso os participantes receberam o CERTIFICADO de conclus\u00e3o e aproveitamento.<\/p>\n<p>N\u00e3o percam esta oportunidade, as vagas s\u00e3o limitadas.<\/p>\n<p><strong>Contato:<\/strong><\/p>\n<p>Amilcar De Figueiredo Dornelas<\/p>\n<p>Eng\u00ba. \u00a0Eletr\u00f4nico e Eletrot\u00e9cnico<\/p>\n<p>Especialista sm SPDA e Aterramento<\/p>\n<p><a href=\"callto:(85) 30941706 (85\">(85) 30941706 (85<\/a>) 991242439 (CLARO) \/\u00a0<a href=\"callto:(85) 999208129\">(85) 999208129<\/a>\u00a0(TIM)\/\u00a0<a href=\"callto:(85) 991771431\">(85) 991771431<\/a><\/p>\n","protected":false},"excerpt":{"rendered":"<p>A ABEE-PB em parceria com o Prof. AMILCAR trazem a Jo\u00e3o Pessoa mais esta oportunidade pra voc\u00ea aprofundar os seus conhecimentos nesta \u00e1rea, a qual raramente se ver durante os cursos regulares da \u00e1rea el\u00e9trica. Com larga experi\u00eancia o Prof. Amilcar transmite esses conhecimentos e as atuais t\u00e9cnicas utilizadas para os c\u00e1lculos de estratifica\u00e7\u00e3o do solo e o correto dimensionamento seguro de malhas. O curso ser\u00e1 realizado no audit\u00f3rio da\u00a0Caixa de Assist\u00eanca dos Profissionais do CREA \u2013 PB (MUTUA), na Av. D. Pedro I, 827, Centro,\u00a0vizinho ao CREA, no per\u00edodo de\u00a007 a 19 de novembro de 2016, sendo aulas te\u00f3ricas [&hellip;]<\/p>\n","protected":false},"author":2,"featured_media":0,"comment_status":"closed","ping_status":"closed","sticky":false,"template":"","format":"standard","meta":{"_acf_changed":false,"footnotes":""},"categories":[9],"tags":[],"class_list":["post-13570","post","type-post","status-publish","format-standard","hentry","category-noticias"],"acf":[],"_links":{"self":[{"href":"https:\/\/creapb.org.br\/site\/wp-json\/wp\/v2\/posts\/13570","targetHints":{"allow":["GET"]}}],"collection":[{"href":"https:\/\/creapb.org.br\/site\/wp-json\/wp\/v2\/posts"}],"about":[{"href":"https:\/\/creapb.org.br\/site\/wp-json\/wp\/v2\/types\/post"}],"author":[{"embeddable":true,"href":"https:\/\/creapb.org.br\/site\/wp-json\/wp\/v2\/users\/2"}],"replies":[{"embeddable":true,"href":"https:\/\/creapb.org.br\/site\/wp-json\/wp\/v2\/comments?post=13570"}],"version-history":[{"count":0,"href":"https:\/\/creapb.org.br\/site\/wp-json\/wp\/v2\/posts\/13570\/revisions"}],"wp:attachment":[{"href":"https:\/\/creapb.org.br\/site\/wp-json\/wp\/v2\/media?parent=13570"}],"wp:term":[{"taxonomy":"category","embeddable":true,"href":"https:\/\/creapb.org.br\/site\/wp-json\/wp\/v2\/categories?post=13570"},{"taxonomy":"post_tag","embeddable":true,"href":"https:\/\/creapb.org.br\/site\/wp-json\/wp\/v2\/tags?post=13570"}],"curies":[{"name":"wp","href":"https:\/\/api.w.org\/{rel}","templated":true}]}}