{"id":13571,"date":"2016-11-08T12:05:50","date_gmt":"2016-11-08T15:05:50","guid":{"rendered":"http:\/\/www.creapb.org.br\/?p=13426"},"modified":"2018-06-14T08:51:24","modified_gmt":"2018-06-14T11:51:24","slug":"crea-pb-promove-seminario-de-fiscalizacao","status":"publish","type":"post","link":"https:\/\/creapb.org.br\/site\/crea-pb-promove-seminario-de-fiscalizacao\/","title":{"rendered":"Crea-PB promove Semin\u00e1rio de Fiscaliza\u00e7\u00e3o em Campina Grande"},"content":{"rendered":"<p><a href=\"http:\/\/www.creapb.org.br\/creapb-admin\/wp-content\/uploads\/2016\/11\/1-baixa.jpg\"><img fetchpriority=\"high\" decoding=\"async\" class=\"alignnone wp-image-13427\" title=\"1 baixa\" src=\"http:\/\/www.creapb.org.br\/creapb-admin\/wp-content\/uploads\/2016\/11\/1-baixa.jpg\" alt=\"\" width=\"672\" height=\"504\" \/><\/a><\/p>\n<p>O Crea-PB, atrav\u00e9s da sua Ger\u00eancia de Fiscaliza\u00e7\u00e3o, promove nesta ter\u00e7a (8), quarta (9) e quinta-feira (10), o Semin\u00e1rio de Fiscaliza\u00e7\u00e3o 2016. O evento, que acontece anualmente, est\u00e1 sendo realizado no audit\u00f3rio da Inspetoria do Crea em Campina Grande, e tem como p\u00fablico alvo todos os fiscais do Regional no estado &#8211; 17, ao todo.<\/p>\n<p><a href=\"http:\/\/www.creapb.org.br\/creapb-admin\/wp-content\/uploads\/2016\/11\/WhatsApp-Image-2016-11-08-at-09.16.14.jpeg\"><img decoding=\"async\" class=\"alignnone size-large wp-image-13428\" title=\"WhatsApp Image 2016-11-08 at 09.16.14\" src=\"http:\/\/www.creapb.org.br\/creapb-admin\/wp-content\/uploads\/2016\/11\/WhatsApp-Image-2016-11-08-at-09.16.14-1024x764.jpeg\" alt=\"\" width=\"640\" height=\"477\" \/><\/a><\/p>\n<p>De acordo com o gerente de Fiscaliza\u00e7\u00e3o, Ant\u00f4nio C\u00e9sar, o objetivo do Semin\u00e1rio \u00e9 capacitar o corpo t\u00e9cnico no sentido de assegurar a execu\u00e7\u00e3o de um servi\u00e7o qualificado \u00e0 sociedade. Para isso, o evento conta com a participa\u00e7\u00e3o de palestrantes de v\u00e1rias modalidades da engenharia, que atuam em Crea&#8217;s de outros estados. Na quinta-feira, tamb\u00e9m ocorrer\u00e1 uma visita t\u00e9cnica \u00e0 Stratus Ind\u00fastria Aeron\u00e1utica, no Distrito de S\u00e3o Jos\u00e9 da Mata, em Campina Grande.<\/p>\n<p><a href=\"http:\/\/www.creapb.org.br\/creapb-admin\/wp-content\/uploads\/2016\/11\/WhatsApp-Image-2016-11-08-at-09.15.55.jpeg\"><img decoding=\"async\" class=\"alignnone size-large wp-image-13429\" title=\"WhatsApp Image 2016-11-08 at 09.15.55\" src=\"http:\/\/www.creapb.org.br\/creapb-admin\/wp-content\/uploads\/2016\/11\/WhatsApp-Image-2016-11-08-at-09.15.55-1024x764.jpeg\" alt=\"\" width=\"640\" height=\"477\" \/><\/a><\/p>\n<p>A abertura do Semin\u00e1rio, que ocorreu na manh\u00e3 desta ter\u00e7a-feira, contou com a palestra da ouvidora do Crea-PB, Alm\u00e9ria Carniato, cuja exposi\u00e7\u00e3o teve o tema &#8220;Motiva\u00e7\u00e3o: o segredo do sucesso&#8221;. Al\u00e9m disso, o engenheiro mec\u00e2nico Maur\u00edcio Tim\u00f3teo de Sousa, coordenador da C\u00e2mara Especializada de Engenharia Mec\u00e2nica, Qu\u00edmica, Geologia e Minas do Regional, encerrou o primeiro turno do dia apresentando para os fiscais o Manual Nacional de Fiscaliza\u00e7\u00e3o das C\u00e2maras Especializadas de Industrial.<\/p>\n<p>\u00c0 tarde, os temas ser\u00e3o a fiscaliza\u00e7\u00e3o de propriedades rurais e de obras p\u00fablicas, \u00a0que ser\u00e3o ministrados por t\u00e9cnicos especializados: o T\u00e9c. agr\u00edcola Giovani Bertol, gerente de fiscaliza\u00e7\u00e3o do Crea-MT, e o T\u00e9c. em Estradas, Ant\u00f4nio Filho Martins, gerente de fiscaliza\u00e7\u00e3o do Crea-PI.<\/p>\n<p>Na tarde da quinta-feira, os fiscais ter\u00e3o ainda um momento de di\u00e1logo coletivo e compartilhamento de experi\u00eancias, que vai contar com a participa\u00e7\u00e3o de todos os fiscais e Inspetores do estado. O objetivo \u00e9, segundo a ger\u00eancia de Fiscaliza\u00e7\u00e3o do Crea-PB, encerrar o evento acertando as pr\u00e1ticas e uniformizando os procedimentos de fiscaliza\u00e7\u00e3o do Conselho em todo o estado.<\/p>\n<p>Ao final do evento, os agentes fiscais ter\u00e3o ainda um momento de descontra\u00e7\u00e3o e confraterniza\u00e7\u00e3o, com a apresenta\u00e7\u00e3o dos m\u00fasicos Juan \u00c9bano, que tamb\u00e9m \u00e9 engenheiro e gerente adjunto de Fiscaliza\u00e7\u00e3o,\u00a0 e Ant\u00f4nio Geraldo Ferreira, entenheiro eletricista, flautista e Analista T\u00e9cnico do Crea-BA.<\/p>\n<p>(Ascom Crea-PB)<\/p>\n","protected":false},"excerpt":{"rendered":"<p>O Crea-PB, atrav\u00e9s da sua Ger\u00eancia de Fiscaliza\u00e7\u00e3o, promove nesta ter\u00e7a (8), quarta (9) e quinta-feira (10), o Semin\u00e1rio de Fiscaliza\u00e7\u00e3o 2016. O evento, que acontece anualmente, est\u00e1 sendo realizado no audit\u00f3rio da Inspetoria do Crea em Campina Grande, e tem como p\u00fablico alvo todos os fiscais do Regional no estado &#8211; 17, ao todo. De acordo com o gerente de Fiscaliza\u00e7\u00e3o, Ant\u00f4nio C\u00e9sar, o objetivo do Semin\u00e1rio \u00e9 capacitar o corpo t\u00e9cnico no sentido de assegurar a execu\u00e7\u00e3o de um servi\u00e7o qualificado \u00e0 sociedade. Para isso, o evento conta com a participa\u00e7\u00e3o de palestrantes de v\u00e1rias modalidades da engenharia, [&hellip;]<\/p>\n","protected":false},"author":2,"featured_media":0,"comment_status":"closed","ping_status":"closed","sticky":false,"template":"","format":"standard","meta":{"_acf_changed":false,"footnotes":""},"categories":[9],"tags":[],"class_list":["post-13571","post","type-post","status-publish","format-standard","hentry","category-noticias"],"acf":[],"_links":{"self":[{"href":"https:\/\/creapb.org.br\/site\/wp-json\/wp\/v2\/posts\/13571","targetHints":{"allow":["GET"]}}],"collection":[{"href":"https:\/\/creapb.org.br\/site\/wp-json\/wp\/v2\/posts"}],"about":[{"href":"https:\/\/creapb.org.br\/site\/wp-json\/wp\/v2\/types\/post"}],"author":[{"embeddable":true,"href":"https:\/\/creapb.org.br\/site\/wp-json\/wp\/v2\/users\/2"}],"replies":[{"embeddable":true,"href":"https:\/\/creapb.org.br\/site\/wp-json\/wp\/v2\/comments?post=13571"}],"version-history":[{"count":2,"href":"https:\/\/creapb.org.br\/site\/wp-json\/wp\/v2\/posts\/13571\/revisions"}],"predecessor-version":[{"id":15254,"href":"https:\/\/creapb.org.br\/site\/wp-json\/wp\/v2\/posts\/13571\/revisions\/15254"}],"wp:attachment":[{"href":"https:\/\/creapb.org.br\/site\/wp-json\/wp\/v2\/media?parent=13571"}],"wp:term":[{"taxonomy":"category","embeddable":true,"href":"https:\/\/creapb.org.br\/site\/wp-json\/wp\/v2\/categories?post=13571"},{"taxonomy":"post_tag","embeddable":true,"href":"https:\/\/creapb.org.br\/site\/wp-json\/wp\/v2\/tags?post=13571"}],"curies":[{"name":"wp","href":"https:\/\/api.w.org\/{rel}","templated":true}]}}