{"id":13575,"date":"2016-11-22T10:20:50","date_gmt":"2016-11-22T13:20:50","guid":{"rendered":"http:\/\/www.creapb.org.br\/?p=13466"},"modified":"2016-11-22T10:20:50","modified_gmt":"2016-11-22T13:20:50","slug":"giucelia-figueiredo-participa-de-lancamento-da-frente-parlamentar-mista-da-engenharia","status":"publish","type":"post","link":"https:\/\/creapb.org.br\/site\/giucelia-figueiredo-participa-de-lancamento-da-frente-parlamentar-mista-da-engenharia\/","title":{"rendered":"Giuc\u00e9lia Figueiredo participa de lan\u00e7amento da Frente Parlamentar Mista da Engenharia"},"content":{"rendered":"<p><a href=\"http:\/\/www.creapb.org.br\/creapb-admin\/wp-content\/uploads\/2016\/11\/WhatsApp-Image-2016-11-22-at-09.58.57.jpeg\"><img fetchpriority=\"high\" decoding=\"async\" class=\"alignnone size-large wp-image-13467\" title=\"WhatsApp Image 2016-11-22 at 09.58.57\" src=\"http:\/\/www.creapb.org.br\/creapb-admin\/wp-content\/uploads\/2016\/11\/WhatsApp-Image-2016-11-22-at-09.58.57-1024x768.jpeg\" alt=\"\" width=\"640\" height=\"480\" \/><\/a><\/p>\n<p>Est\u00e1 sendo lan\u00e7ada nesta ter\u00e7a-feira (22), no Congresso Nacional, a Frente Parlamentar Mista da Engenharia, Infraestrutura e Desenvolvimento Nacional. A presidente do Crea-PB, Giuc\u00e9lia Figueiredo participa do ato, representando tamb\u00e9m a Fisenge &#8211; Federa\u00e7\u00e3o Interestadual de Sindicatos dos Engenheiros. A iniciativa, que tem o apoio do Confea &#8211; Conselho Federal de Engenharia e Agronomia e M\u00fatua, \u00e9 destinada a priorizar mat\u00e9rias que ajudem na retomada do crescimento e aumento dos investimentos.<\/p>\n<p>Para Giuc\u00e9lia Figueiredo, o ato, que acontece em meio a uma conjuntura econ\u00f4mica marcada por dois anos de recess\u00e3o, desemprego elevado, paralisa\u00e7\u00e3o de obras e indefini\u00e7\u00e3o nos investimentos p\u00fablicos, demonstra a posi\u00e7\u00e3o estrat\u00e9gica da engenharia brasileira. &#8220;Este \u00e9 um momento hist\u00f3rico para a engenharia nacional,\u00a0pois ressalta a import\u00e2ncia dos profissionais da engenharia no processo de desenvolvimento sustent\u00e1vel do Brasil&#8221;, afirmou.<\/p>\n<p>A\u00a0Frente Parlamentar Mista da Engenharia, Infraestrutura e Desenvolvimento Nacional \u00e9 composta por 219 deputados e 32 senadores. A iniciativa \u00e9 do deputado federal Ronaldo Lessa (PDT\/AL), que preside a Frente. Arlindo Chinaglia (foto), do PT\/SP, \u00e9 o vice-presidente. De acordo com seus idealizadores, a\u00a0mobiliza\u00e7\u00e3o de uma bancada suprapartid\u00e1ria no Legislativo federal em torno de mat\u00e9rias relacionadas \u00e0 engenharia e \u00e0 infraestrutura visa colocar em evid\u00eancia os desafios que o pa\u00eds enfrenta para voltar a crescer. A frente quer buscar solu\u00e7\u00f5es pr\u00e1ticas, considerando as atribui\u00e7\u00f5es do Parlamento, para os gargalos que o pa\u00eds enfrenta, de forma a acelerar a ado\u00e7\u00e3o de medidas que possam garantir a retomada de um ciclo de expans\u00e3o econ\u00f4mica que viabilize empregos, renda e melhoria da infraestrutura.<\/p>\n<p>&nbsp;<\/p>\n","protected":false},"excerpt":{"rendered":"<p>Est\u00e1 sendo lan\u00e7ada nesta ter\u00e7a-feira (22), no Congresso Nacional, a Frente Parlamentar Mista da Engenharia, Infraestrutura e Desenvolvimento Nacional. A presidente do Crea-PB, Giuc\u00e9lia Figueiredo participa do ato, representando tamb\u00e9m a Fisenge &#8211; Federa\u00e7\u00e3o Interestadual de Sindicatos dos Engenheiros. A iniciativa, que tem o apoio do Confea &#8211; Conselho Federal de Engenharia e Agronomia e M\u00fatua, \u00e9 destinada a priorizar mat\u00e9rias que ajudem na retomada do crescimento e aumento dos investimentos. Para Giuc\u00e9lia Figueiredo, o ato, que acontece em meio a uma conjuntura econ\u00f4mica marcada por dois anos de recess\u00e3o, desemprego elevado, paralisa\u00e7\u00e3o de obras e indefini\u00e7\u00e3o nos investimentos p\u00fablicos, [&hellip;]<\/p>\n","protected":false},"author":2,"featured_media":0,"comment_status":"closed","ping_status":"closed","sticky":false,"template":"","format":"standard","meta":{"_acf_changed":false,"footnotes":""},"categories":[9],"tags":[],"class_list":["post-13575","post","type-post","status-publish","format-standard","hentry","category-noticias"],"acf":[],"_links":{"self":[{"href":"https:\/\/creapb.org.br\/site\/wp-json\/wp\/v2\/posts\/13575","targetHints":{"allow":["GET"]}}],"collection":[{"href":"https:\/\/creapb.org.br\/site\/wp-json\/wp\/v2\/posts"}],"about":[{"href":"https:\/\/creapb.org.br\/site\/wp-json\/wp\/v2\/types\/post"}],"author":[{"embeddable":true,"href":"https:\/\/creapb.org.br\/site\/wp-json\/wp\/v2\/users\/2"}],"replies":[{"embeddable":true,"href":"https:\/\/creapb.org.br\/site\/wp-json\/wp\/v2\/comments?post=13575"}],"version-history":[{"count":0,"href":"https:\/\/creapb.org.br\/site\/wp-json\/wp\/v2\/posts\/13575\/revisions"}],"wp:attachment":[{"href":"https:\/\/creapb.org.br\/site\/wp-json\/wp\/v2\/media?parent=13575"}],"wp:term":[{"taxonomy":"category","embeddable":true,"href":"https:\/\/creapb.org.br\/site\/wp-json\/wp\/v2\/categories?post=13575"},{"taxonomy":"post_tag","embeddable":true,"href":"https:\/\/creapb.org.br\/site\/wp-json\/wp\/v2\/tags?post=13575"}],"curies":[{"name":"wp","href":"https:\/\/api.w.org\/{rel}","templated":true}]}}