{"id":13576,"date":"2016-11-24T16:30:36","date_gmt":"2016-11-24T19:30:36","guid":{"rendered":"http:\/\/www.creapb.org.br\/?p=13474"},"modified":"2016-11-24T16:30:36","modified_gmt":"2016-11-24T19:30:36","slug":"seguranca-do-trabalho-e-tema-de-seminario-em-joao-pessoa","status":"publish","type":"post","link":"https:\/\/creapb.org.br\/site\/seguranca-do-trabalho-e-tema-de-seminario-em-joao-pessoa\/","title":{"rendered":"Seguran\u00e7a do Trabalho \u00e9 tema de Semin\u00e1rio em Jo\u00e3o Pessoa"},"content":{"rendered":"<p>Profissionais da \u00e1rea debatem o tema em evento que acontece hoje e amanh\u00e3, promovido pela Associa\u00e7\u00e3o de Engenheiros de Seguran\u00e7a do Trabalho da Para\u00edba<\/p>\n<p><a href=\"http:\/\/www.creapb.org.br\/creapb-admin\/wp-content\/uploads\/2016\/11\/AEST.jpg\"><img fetchpriority=\"high\" decoding=\"async\" class=\"alignnone  wp-image-13475\" title=\"AEST\" src=\"http:\/\/www.creapb.org.br\/creapb-admin\/wp-content\/uploads\/2016\/11\/AEST.jpg\" alt=\"\" width=\"768\" height=\"575\" \/><\/a><\/p>\n<p>Nesta quinta (24) e sexta-feira (25), a AEST (Associa\u00e7\u00e3o de Engenheiros de Seguran\u00e7a do Trabalho da Para\u00edba) promove o 1\u00ba Semin\u00e1rio de Engenharia de Seguran\u00e7a do Trabalho na Para\u00edba. O evento, que conta com a apresenta\u00e7\u00e3o de pain\u00e9is de especialistas e mini cursos, tem o objetivo de capacitar e atualizar os profissionais da \u00e1rea, debatendo os assuntos do segmento de forma mais aprofundada.<\/p>\n<p>Na manh\u00e3 de hoje, os presidentes do Crea-PB e da ANEST (Associa\u00e7\u00e3o Nacional de Engenharia de Seguran\u00e7a do Trabalho), Giuc\u00e9lia Figueiredo e Jos\u00e9 Leandro, participaram da abertura do Semin\u00e1rio ao lado da presidente da AEST, Aparecida Estrela, respons\u00e1vel pela organiza\u00e7\u00e3o do evento, que teve seu pontap\u00e9 com a realiza\u00e7\u00e3o de minicursos sobre per\u00edcia ambiental e vibra\u00e7\u00e3o emocional, nos audit\u00f3rios do Sinduscon JP e Senge-PB.<\/p>\n<p>Para a presidente do Conselho de Engenharia, a iniciativa da AEST-PB em realizar o Semin\u00e1rio\u00a0de Engenharia de Seguran\u00e7a do Trabalho na Para\u00edba demonstra a responsabilidade da entidade com seus profissionais, com os trabalhadores e a sociedade. &#8220;Al\u00e9m de ser uma iniciativa in\u00e9dita, o evento traz a tona o nosso zelo na preven\u00e7\u00e3o e combate aos acidentes de trabalho. N\u00e3o poder\u00edamos deixar de apoiar este Semin\u00e1rio, que vem instrumentalizar os profissionais nas \u00a0t\u00e9cnicas mais modernas de preven\u00e7\u00e3o&#8221;, concluiu Giuc\u00e9lia Figueiredo.<\/p>\n<p>A programa\u00e7\u00e3o do evento vai at\u00e9 a tarde desta sexta-feira (25). O\u00a01\u00ba Semin\u00e1rio de Engenharia de Seguran\u00e7a do Trabalho na Para\u00edba tem o apoio do Crea-PB, Sinduscon, Senge-PB, M\u00fatua e S\u00e3o Braz.<\/p>\n<div><\/div>\n","protected":false},"excerpt":{"rendered":"<p>Profissionais da \u00e1rea debatem o tema em evento que acontece hoje e amanh\u00e3, promovido pela Associa\u00e7\u00e3o de Engenheiros de Seguran\u00e7a do Trabalho da Para\u00edba Nesta quinta (24) e sexta-feira (25), a AEST (Associa\u00e7\u00e3o de Engenheiros de Seguran\u00e7a do Trabalho da Para\u00edba) promove o 1\u00ba Semin\u00e1rio de Engenharia de Seguran\u00e7a do Trabalho na Para\u00edba. O evento, que conta com a apresenta\u00e7\u00e3o de pain\u00e9is de especialistas e mini cursos, tem o objetivo de capacitar e atualizar os profissionais da \u00e1rea, debatendo os assuntos do segmento de forma mais aprofundada. Na manh\u00e3 de hoje, os presidentes do Crea-PB e da ANEST (Associa\u00e7\u00e3o Nacional [&hellip;]<\/p>\n","protected":false},"author":2,"featured_media":0,"comment_status":"closed","ping_status":"closed","sticky":false,"template":"","format":"standard","meta":{"_acf_changed":false,"footnotes":""},"categories":[9],"tags":[],"class_list":["post-13576","post","type-post","status-publish","format-standard","hentry","category-noticias"],"acf":[],"_links":{"self":[{"href":"https:\/\/creapb.org.br\/site\/wp-json\/wp\/v2\/posts\/13576","targetHints":{"allow":["GET"]}}],"collection":[{"href":"https:\/\/creapb.org.br\/site\/wp-json\/wp\/v2\/posts"}],"about":[{"href":"https:\/\/creapb.org.br\/site\/wp-json\/wp\/v2\/types\/post"}],"author":[{"embeddable":true,"href":"https:\/\/creapb.org.br\/site\/wp-json\/wp\/v2\/users\/2"}],"replies":[{"embeddable":true,"href":"https:\/\/creapb.org.br\/site\/wp-json\/wp\/v2\/comments?post=13576"}],"version-history":[{"count":0,"href":"https:\/\/creapb.org.br\/site\/wp-json\/wp\/v2\/posts\/13576\/revisions"}],"wp:attachment":[{"href":"https:\/\/creapb.org.br\/site\/wp-json\/wp\/v2\/media?parent=13576"}],"wp:term":[{"taxonomy":"category","embeddable":true,"href":"https:\/\/creapb.org.br\/site\/wp-json\/wp\/v2\/categories?post=13576"},{"taxonomy":"post_tag","embeddable":true,"href":"https:\/\/creapb.org.br\/site\/wp-json\/wp\/v2\/tags?post=13576"}],"curies":[{"name":"wp","href":"https:\/\/api.w.org\/{rel}","templated":true}]}}