{"id":13579,"date":"2016-12-02T15:02:41","date_gmt":"2016-12-02T18:02:41","guid":{"rendered":"http:\/\/www.creapb.org.br\/?p=13502"},"modified":"2016-12-02T15:02:41","modified_gmt":"2016-12-02T18:02:41","slug":"crea-pe-lanca-serie-virtual-dos-cadernos-do-semiarido-riquezas-e-oportunidades","status":"publish","type":"post","link":"https:\/\/creapb.org.br\/site\/crea-pe-lanca-serie-virtual-dos-cadernos-do-semiarido-riquezas-e-oportunidades\/","title":{"rendered":"Crea-PE lan\u00e7a s\u00e9rie virtual dos Cadernos do Semi\u00e1rido \u2013 Riquezas e Oportunidades"},"content":{"rendered":"<p>Em uma iniciativa pioneira, o Conselho Regional de Engenharia e Agronomia de Pernambuco (Crea-PE) disponibiliza, a partir desta\u00a0quarta-feira (30), a s\u00e9rie virtual dos Cadernos do Semi\u00e1rido \u2013 Riquezas e Oportunidades. Agora, quem acessar o Portal de Servi\u00e7os do Conselho poder\u00e1\u00a0ter\u00a0acesso as vers\u00f5es eletr\u00f4nicas dos ensaios t\u00e9cnicos produzidos.<\/p>\n<p><strong><a href=\"http:\/\/www.creape.org.br\/cadernos-do-semiarido-riquezas-e-oportunidades\/\" target=\"_blank\">Clique aqui para ter acesso aos cadernos do semi\u00e1rido<\/a><\/strong><\/p>\n<p>O objetivo do projeto \u00e9 promover ensaios t\u00e9cnicos com profissionais renomados das \u00e1reas tecnol\u00f3gicas sobre as potencialidades da regi\u00e3o. \u201cEu sou do Cariri da Para\u00edba e cresci no Semi\u00e1rido. Por isso, me incomodo com essa vis\u00e3o de coitadinho que o Sul e Sudeste t\u00eam de quem vive nessa regi\u00e3o. \u00c9 preciso aprender a conviver com a escassez de \u00e1gua e descobrir as potencialidades que temos. Afinal, Engenharia \u00e9 isso. Transformar conhecimento cientifico em beneficio para a popula\u00e7\u00e3o\u201d, explica, com entusiasmo, o professor M\u00e1rio Antonino.<\/p>\n<p>J\u00e1 o presidente do Conselho Regional de Engenharia e Agronomia de Pernambuco (Crea-PE), Evandro Alencar, destacou a import\u00e2ncia do trabalho para o Conselho e para toda a sociedade. \u201cQuando eu assumi o Crea-PE j\u00e1 conhecia o projeto. Como bom sertanejo que sou n\u00e3o poderia deixar de apoiar a causa. Mais que isso. Era preciso incrementar, melhorar o que tinhamos\u201d, explica Alencar.<\/p>\n<p>Segundo o presidente, a partir dos cadernos, da ideia de interiorizar de maneira mais eficaz o Conselho e discutir temas relevantes foi que surgiu o Semin\u00e1rio Riquezas e Oportunidades do Semi\u00e1rido, realizado pelo Crea-PE, em Salgueiro e Petrolina.\u201cEsses cadernos s\u00e3o os elementos t\u00e9cnicos que faltavam \u00e0 nossa ideia e vontade de aproxima\u00e7\u00e3o com os profissionais do Interior e as quest\u00f5es do semi\u00e1rido\u201d, explicou Alencar.<\/p>\n<p>De acordo com o idealizador dos ensaios t\u00e9cnicos, M\u00e1rio Antonino, a publica\u00e7\u00e3o \u00e9 uma satisfa\u00e7\u00e3o, um sonho realizado.\u00a0 \u201cN\u00e3o gosto de pensar o nordestino como um coitado. N\u00e3o podemos ficar ano ap\u00f3s ano vendo o povo do semi\u00e1rido sofrer, sabendo que a regi\u00e3o \u00e9 t\u00e3o rica\u201d, explica M\u00e1rio Antonino.<\/p>\n<p>O lan\u00e7amento contou com a participa\u00e7\u00e3o do idealizador do projeto o engenheiro civil M\u00e1rio Antonino; do Governador do Distrito do Rotary 4.500, Jo\u00e3o Dantas; e da presidenta do Rotary Club Recife, Largo da Paz Jeanine Guerra.<\/p>\n<p>&nbsp;<\/p>\n<p>&nbsp;<\/p>\n<p><em>Rui Gon\u00e7alves e Eduardo Santos<\/em><br \/>\n<em>ASC do Crea-PE<\/em><\/p>\n","protected":false},"excerpt":{"rendered":"<p>Em uma iniciativa pioneira, o Conselho Regional de Engenharia e Agronomia de Pernambuco (Crea-PE) disponibiliza, a partir desta\u00a0quarta-feira (30), a s\u00e9rie virtual dos Cadernos do Semi\u00e1rido \u2013 Riquezas e Oportunidades. Agora, quem acessar o Portal de Servi\u00e7os do Conselho poder\u00e1\u00a0ter\u00a0acesso as vers\u00f5es eletr\u00f4nicas dos ensaios t\u00e9cnicos produzidos. Clique aqui para ter acesso aos cadernos do semi\u00e1rido O objetivo do projeto \u00e9 promover ensaios t\u00e9cnicos com profissionais renomados das \u00e1reas tecnol\u00f3gicas sobre as potencialidades da regi\u00e3o. \u201cEu sou do Cariri da Para\u00edba e cresci no Semi\u00e1rido. Por isso, me incomodo com essa vis\u00e3o de coitadinho que o Sul e Sudeste t\u00eam [&hellip;]<\/p>\n","protected":false},"author":2,"featured_media":0,"comment_status":"closed","ping_status":"closed","sticky":false,"template":"","format":"standard","meta":{"_acf_changed":false,"footnotes":""},"categories":[9],"tags":[],"class_list":["post-13579","post","type-post","status-publish","format-standard","hentry","category-noticias"],"acf":[],"_links":{"self":[{"href":"https:\/\/creapb.org.br\/site\/wp-json\/wp\/v2\/posts\/13579","targetHints":{"allow":["GET"]}}],"collection":[{"href":"https:\/\/creapb.org.br\/site\/wp-json\/wp\/v2\/posts"}],"about":[{"href":"https:\/\/creapb.org.br\/site\/wp-json\/wp\/v2\/types\/post"}],"author":[{"embeddable":true,"href":"https:\/\/creapb.org.br\/site\/wp-json\/wp\/v2\/users\/2"}],"replies":[{"embeddable":true,"href":"https:\/\/creapb.org.br\/site\/wp-json\/wp\/v2\/comments?post=13579"}],"version-history":[{"count":0,"href":"https:\/\/creapb.org.br\/site\/wp-json\/wp\/v2\/posts\/13579\/revisions"}],"wp:attachment":[{"href":"https:\/\/creapb.org.br\/site\/wp-json\/wp\/v2\/media?parent=13579"}],"wp:term":[{"taxonomy":"category","embeddable":true,"href":"https:\/\/creapb.org.br\/site\/wp-json\/wp\/v2\/categories?post=13579"},{"taxonomy":"post_tag","embeddable":true,"href":"https:\/\/creapb.org.br\/site\/wp-json\/wp\/v2\/tags?post=13579"}],"curies":[{"name":"wp","href":"https:\/\/api.w.org\/{rel}","templated":true}]}}