{"id":13735,"date":"2017-01-09T13:42:29","date_gmt":"2017-01-09T16:42:29","guid":{"rendered":"http:\/\/creapb.org.br\/?p=13735"},"modified":"2017-01-09T13:42:29","modified_gmt":"2017-01-09T16:42:29","slug":"crea-pb-alerta-gestores-sobre-ocupacao-de-cargos-tecnicos-nos-municipios","status":"publish","type":"post","link":"https:\/\/creapb.org.br\/site\/crea-pb-alerta-gestores-sobre-ocupacao-de-cargos-tecnicos-nos-municipios\/","title":{"rendered":"CREA-PB alerta gestores sobre ocupa\u00e7\u00e3o de cargos t\u00e9cnicos nos munic\u00edpios"},"content":{"rendered":"<p><strong>Conselho enviou of\u00edcio \u00e0s prefeituras ressaltando a import\u00e2ncia de uma equipe t\u00e9cnica qualificada<\/strong><\/p>\n<p><img fetchpriority=\"high\" decoding=\"async\" class=\"size-medium wp-image-13736 alignleft\" src=\"https:\/\/creapb.org.br\/site\/wp-content\/uploads\/2017\/01\/crea-300x225.jpg\" alt=\"crea\" width=\"300\" height=\"225\" srcset=\"https:\/\/creapb.org.br\/site\/wp-content\/uploads\/2017\/01\/crea-300x225.jpg 300w, https:\/\/creapb.org.br\/site\/wp-content\/uploads\/2017\/01\/crea-768x576.jpg 768w, https:\/\/creapb.org.br\/site\/wp-content\/uploads\/2017\/01\/crea.jpg 960w\" sizes=\"(max-width: 300px) 100vw, 300px\" \/><\/p>\n<p>Com a posse dos prefeitos eleitos na \u00faltima semana, o Conselho de Engenharia e Agronomia da Para\u00edba (Crea-PB) tratou de alertar os gestores em rela\u00e7\u00e3o \u00e0 forma\u00e7\u00e3o de suas equipes de governo. A preocupa\u00e7\u00e3o da entidade \u00e9 o preenchimento dos cargos t\u00e9cnicos de Engenharia por profissionais habilitados.<\/p>\n<p>No of\u00edcio, o Crea coloca-se \u00e0 disposi\u00e7\u00e3o para firmar parcerias com os munic\u00edpios e solicita aos gestores que os cargos e fun\u00e7\u00f5es que exijam conhecimentos t\u00e9cnicos dos profissionais da Engenharia e da Agronomia sejam ocupados por profissionais legalmente habilitados. Dessa forma, segundo o documento \u201cas obras e servi\u00e7os que ser\u00e3o executados sob a orienta\u00e7\u00e3o desses especialistas, trar\u00e3o mais seguran\u00e7a, qualidade e economia para a sociedade\u201d.<\/p>\n<p>Para a presidente do Crea-PB, Giuc\u00e9lia Figueiredo, o desenvolvimento sustent\u00e1vel das cidades paraibanas passa pelo trabalho de um corpo t\u00e9cnico qualificado de engenheiros, agr\u00f4nomos, ge\u00f3grafos, t\u00e9cnicos, tecn\u00f3logos e de todos os profissionais da \u00e1rea tecnol\u00f3gica. \u201cS\u00e3o eles os respons\u00e1veis pela elabora\u00e7\u00e3o dos projetos para capta\u00e7\u00e3o de recursos, desde a \u00e1rea de transportes, mobilidade urbana, ilumina\u00e7\u00e3o p\u00fablica, habita\u00e7\u00e3o, agricultura, res\u00edduos s\u00f3lidos, entre outros setores essenciais\u201d, explica.<\/p>\n<p>Giuc\u00e9lia ressalta que a solicita\u00e7\u00e3o feita no of\u00edcio est\u00e1 respaldada pela Lei Federal 5.194\/66, que regula o exerc\u00edcio das profiss\u00f5es de Engenheiro e Engenheiro Agr\u00f4nomo. De acordo com a norma, na Uni\u00e3o, nos Estados e nos Munic\u00edpios, nas entidades aut\u00e1rquicas, paraestatais e de economia mista, os cargos e fun\u00e7\u00f5es que exijam conhecimentos de Engenharia, Arquitetura e Agronomia somente poder\u00e3o ser exercidos por profissionais habilitados.<\/p>\n<p>A presidente do Conselho ressalta, no entanto, que mais do que o cumprimento da lei, o Crea-PB quer sensibilizar os gestores paraibanos para a import\u00e2ncia desses profissionais na execu\u00e7\u00e3o de uma agenda positiva para as gest\u00f5es municipais. \u201cO conhecimento t\u00e9cnico deve ser visto pelos prefeitos como uma ferramenta indispens\u00e1vel para o desenvolvimento dos munic\u00edpios. Queremos contribuir para que essa seja a percep\u00e7\u00e3o de todos, e possamos assim construir um Estado melhor para todos\u201d, conclui Giuc\u00e9lia Figueiredo.<\/p>\n<p>&nbsp;<\/p>\n<p><em>Grazielle Uch\u00f4a &#8211; Assessoria de Comunica\u00e7\u00e3o Crea\/PB<\/em><\/p>\n","protected":false},"excerpt":{"rendered":"<p>Conselho enviou of\u00edcio \u00e0s prefeituras ressaltando a import\u00e2ncia de uma equipe t\u00e9cnica qualificada Com a posse dos prefeitos eleitos na \u00faltima semana, o Conselho de Engenharia e Agronomia da Para\u00edba (Crea-PB) tratou de alertar os gestores em rela\u00e7\u00e3o \u00e0 forma\u00e7\u00e3o de suas equipes de governo. A preocupa\u00e7\u00e3o da entidade \u00e9 o preenchimento dos cargos t\u00e9cnicos de Engenharia por profissionais habilitados. No of\u00edcio, o Crea coloca-se \u00e0 disposi\u00e7\u00e3o para firmar parcerias com os munic\u00edpios e solicita aos gestores que os cargos e fun\u00e7\u00f5es que exijam conhecimentos t\u00e9cnicos dos profissionais da Engenharia e da Agronomia sejam ocupados por profissionais legalmente habilitados. Dessa [&hellip;]<\/p>\n","protected":false},"author":2,"featured_media":13736,"comment_status":"open","ping_status":"open","sticky":false,"template":"","format":"standard","meta":{"_acf_changed":false,"footnotes":""},"categories":[9],"tags":[],"class_list":["post-13735","post","type-post","status-publish","format-standard","has-post-thumbnail","hentry","category-noticias"],"acf":[],"_links":{"self":[{"href":"https:\/\/creapb.org.br\/site\/wp-json\/wp\/v2\/posts\/13735","targetHints":{"allow":["GET"]}}],"collection":[{"href":"https:\/\/creapb.org.br\/site\/wp-json\/wp\/v2\/posts"}],"about":[{"href":"https:\/\/creapb.org.br\/site\/wp-json\/wp\/v2\/types\/post"}],"author":[{"embeddable":true,"href":"https:\/\/creapb.org.br\/site\/wp-json\/wp\/v2\/users\/2"}],"replies":[{"embeddable":true,"href":"https:\/\/creapb.org.br\/site\/wp-json\/wp\/v2\/comments?post=13735"}],"version-history":[{"count":1,"href":"https:\/\/creapb.org.br\/site\/wp-json\/wp\/v2\/posts\/13735\/revisions"}],"predecessor-version":[{"id":13737,"href":"https:\/\/creapb.org.br\/site\/wp-json\/wp\/v2\/posts\/13735\/revisions\/13737"}],"wp:featuredmedia":[{"embeddable":true,"href":"https:\/\/creapb.org.br\/site\/wp-json\/wp\/v2\/media\/13736"}],"wp:attachment":[{"href":"https:\/\/creapb.org.br\/site\/wp-json\/wp\/v2\/media?parent=13735"}],"wp:term":[{"taxonomy":"category","embeddable":true,"href":"https:\/\/creapb.org.br\/site\/wp-json\/wp\/v2\/categories?post=13735"},{"taxonomy":"post_tag","embeddable":true,"href":"https:\/\/creapb.org.br\/site\/wp-json\/wp\/v2\/tags?post=13735"}],"curies":[{"name":"wp","href":"https:\/\/api.w.org\/{rel}","templated":true}]}}