{"id":13761,"date":"2017-01-23T14:47:14","date_gmt":"2017-01-23T17:47:14","guid":{"rendered":"http:\/\/creapb.org.br\/?p=13761"},"modified":"2017-01-23T14:47:14","modified_gmt":"2017-01-23T17:47:14","slug":"sistema-confeacrea-e-mutua-se-mobiliza-para-o-forum-mundial-das-aguas","status":"publish","type":"post","link":"https:\/\/creapb.org.br\/site\/sistema-confeacrea-e-mutua-se-mobiliza-para-o-forum-mundial-das-aguas\/","title":{"rendered":"Sistema Confea\/Crea e M\u00fatua se mobiliza para o F\u00f3rum Mundial das \u00c1guas"},"content":{"rendered":"<p><img fetchpriority=\"high\" decoding=\"async\" class=\"wp-image-13762 size-full alignleft\" src=\"https:\/\/creapb.org.br\/site\/wp-content\/uploads\/2017\/01\/8-forum-mundial-da-agua.jpg\" alt=\"8-forum-mundial-da-agua\" width=\"612\" height=\"318\" srcset=\"https:\/\/creapb.org.br\/site\/wp-content\/uploads\/2017\/01\/8-forum-mundial-da-agua.jpg 612w, https:\/\/creapb.org.br\/site\/wp-content\/uploads\/2017\/01\/8-forum-mundial-da-agua-300x156.jpg 300w\" sizes=\"(max-width: 612px) 100vw, 612px\" \/>Em 2017, o Sistema Confea\/Crea e M\u00fatua se prepara para participar do 8\u00ba F\u00f3rum Mundial das \u00c1guas, que ser\u00e1 sediado em Bras\u00edlia no ano que vem. Integrante da <a href=\"http:\/\/www.confea.org.br\/cgi\/cgilua.exe\/sys\/start.htm?infoid=21513&amp;sid=10\" target=\"_blank\">Se\u00e7\u00e3o Brasil do Conselho Mundial da \u00c1gua<\/a> desde julho passado, o Confea organiza uma s\u00e9rie de debates para os pr\u00f3ximos meses com a proposta de reunir contribui\u00e7\u00f5es da \u00e1rea tecnol\u00f3gica para evento mundial.<\/p>\n<p>Entre os dias 22 e 24 de mar\u00e7o, profissionais ir\u00e3o se reunir na regi\u00e3o de Campinas para debater temas relacionados \u00e0s bacias hidrogr\u00e1ficas daquela localidade e tamb\u00e9m da Grande S\u00e3o Paulo.<\/p>\n<p>J\u00e1 no per\u00edodo de 10 a 12 de maio, Manaus receber\u00e1 o segundo debate, que desta vez ir\u00e1 abordar a bacia hidrogr\u00e1fica do Rio Amazonas e as dos estados do Amazonas, Par\u00e1, Rond\u00f4nia, Roraima, Amap\u00e1, Tocantins e Acre.<\/p>\n<p>Para as lideran\u00e7as do Confea, a realiza\u00e7\u00e3o dessa agenda \u00e9 imprescind\u00edvel, pois a \u201cdiscuss\u00e3o acerca da problem\u00e1tica e estrat\u00e9gias relativas aos recursos h\u00eddricos e energ\u00e9ticos n\u00e3o deve ser levada a efeito sem a participa\u00e7\u00e3o efetiva dos profissionais vinculados ao Sistema Confea\/Crea\u201d, como defendem as duas delibera\u00e7\u00f5es relativas aos eventos, aprovadas durante a sess\u00e3o plen\u00e1ria 1.437, do Conselho Federal.<\/p>\n<p>Os eventos preparat\u00f3rios ser\u00e3o realizados pelo Confea em parceria com os Conselhos Regionais de Engenharia e Agronomia (Creas), entidades de classe e com a Se\u00e7\u00e3o Brasil do F\u00f3rum Mundial da \u00c1gua. Participar\u00e3o lideran\u00e7as do Sistema, gestores p\u00fablicos e especialistas em meio ambiente, \u00e1gua e energia, al\u00e9m de representantes de institui\u00e7\u00f5es de ensino.<\/p>\n<p>&nbsp;<\/p>\n<p><em>Julianna Curado<\/em><br \/>\n<em>Equipe de Comunica\u00e7\u00e3o do Confea<\/em><\/p>\n","protected":false},"excerpt":{"rendered":"<p>Em 2017, o Sistema Confea\/Crea e M\u00fatua se prepara para participar do 8\u00ba F\u00f3rum Mundial das \u00c1guas, que ser\u00e1 sediado em Bras\u00edlia no ano que vem. Integrante da Se\u00e7\u00e3o Brasil do Conselho Mundial da \u00c1gua desde julho passado, o Confea organiza uma s\u00e9rie de debates para os pr\u00f3ximos meses com a proposta de reunir contribui\u00e7\u00f5es da \u00e1rea tecnol\u00f3gica para evento mundial. Entre os dias 22 e 24 de mar\u00e7o, profissionais ir\u00e3o se reunir na regi\u00e3o de Campinas para debater temas relacionados \u00e0s bacias hidrogr\u00e1ficas daquela localidade e tamb\u00e9m da Grande S\u00e3o Paulo. J\u00e1 no per\u00edodo de 10 a 12 de [&hellip;]<\/p>\n","protected":false},"author":2,"featured_media":13762,"comment_status":"open","ping_status":"open","sticky":false,"template":"","format":"standard","meta":{"_acf_changed":false,"footnotes":""},"categories":[9],"tags":[],"class_list":["post-13761","post","type-post","status-publish","format-standard","has-post-thumbnail","hentry","category-noticias"],"acf":[],"_links":{"self":[{"href":"https:\/\/creapb.org.br\/site\/wp-json\/wp\/v2\/posts\/13761","targetHints":{"allow":["GET"]}}],"collection":[{"href":"https:\/\/creapb.org.br\/site\/wp-json\/wp\/v2\/posts"}],"about":[{"href":"https:\/\/creapb.org.br\/site\/wp-json\/wp\/v2\/types\/post"}],"author":[{"embeddable":true,"href":"https:\/\/creapb.org.br\/site\/wp-json\/wp\/v2\/users\/2"}],"replies":[{"embeddable":true,"href":"https:\/\/creapb.org.br\/site\/wp-json\/wp\/v2\/comments?post=13761"}],"version-history":[{"count":1,"href":"https:\/\/creapb.org.br\/site\/wp-json\/wp\/v2\/posts\/13761\/revisions"}],"predecessor-version":[{"id":13763,"href":"https:\/\/creapb.org.br\/site\/wp-json\/wp\/v2\/posts\/13761\/revisions\/13763"}],"wp:featuredmedia":[{"embeddable":true,"href":"https:\/\/creapb.org.br\/site\/wp-json\/wp\/v2\/media\/13762"}],"wp:attachment":[{"href":"https:\/\/creapb.org.br\/site\/wp-json\/wp\/v2\/media?parent=13761"}],"wp:term":[{"taxonomy":"category","embeddable":true,"href":"https:\/\/creapb.org.br\/site\/wp-json\/wp\/v2\/categories?post=13761"},{"taxonomy":"post_tag","embeddable":true,"href":"https:\/\/creapb.org.br\/site\/wp-json\/wp\/v2\/tags?post=13761"}],"curies":[{"name":"wp","href":"https:\/\/api.w.org\/{rel}","templated":true}]}}