{"id":13846,"date":"2017-02-14T16:40:57","date_gmt":"2017-02-14T19:40:57","guid":{"rendered":"http:\/\/creapb.org.br\/?p=13846"},"modified":"2017-02-14T16:49:49","modified_gmt":"2017-02-14T19:49:49","slug":"crea-pb-fiscaliza-parques-eolicos-no-interior-da-paraiba","status":"publish","type":"post","link":"https:\/\/creapb.org.br\/site\/crea-pb-fiscaliza-parques-eolicos-no-interior-da-paraiba\/","title":{"rendered":"Crea-PB fiscaliza parques e\u00f3licos no interior do Estado"},"content":{"rendered":"<p><img fetchpriority=\"high\" decoding=\"async\" class=\"wp-image-13848 alignleft\" src=\"https:\/\/creapb.org.br\/site\/wp-content\/uploads\/2017\/02\/16684560_1363698910318483_1597105426_n.jpg\" alt=\"16684560_1363698910318483_1597105426_n\" width=\"281\" height=\"500\" srcset=\"https:\/\/creapb.org.br\/site\/wp-content\/uploads\/2017\/02\/16684560_1363698910318483_1597105426_n.jpg 540w, https:\/\/creapb.org.br\/site\/wp-content\/uploads\/2017\/02\/16684560_1363698910318483_1597105426_n-169x300.jpg 169w\" sizes=\"(max-width: 281px) 100vw, 281px\" \/><\/p>\n<p>&nbsp;<\/p>\n<p>Na \u00faltima semana, a fiscaliza\u00e7\u00e3o do Crea-PB em Patos vistoriou o canteiro de obras de dois\u00a0parques e\u00f3licos que est\u00e3o sendo instalados no interior do estado. As obras fazem parte de um complexo composto por tr\u00eas Parques E\u00f3licos na Para\u00edba, nos munic\u00edpios de Santa Luzia, S\u00e3o Jos\u00e9 de Sabugi e Junco do Serid\u00f3, denominados Canoas, Lagoa 1 e Lagoa 2, com um total de 15 aerogeradores, 45 torres de gera\u00e7\u00e3o de energia e pot\u00eancia instalada total de 94,5 MW.<\/p>\n<p>De acordo com os fiscais Pedro Ferreira e Jos\u00e9 Em\u00eddio, a obra est\u00e1\u00a0em fase inicial e as empresas respons\u00e1veis est\u00e3o dando andamento aos servi\u00e7os de fabrica\u00e7\u00e3o de concreto usinado, terraplanagem das vias de<br \/>\nacesso, an\u00e1lise tecnol\u00f3gica do concreto, topografia, bases para linhas de transmiss\u00e3o e base de concreto para implanta\u00e7\u00e3o de aerogeradores. &#8220;Trata-se de uma obra complexa, que demandar\u00e1 diversas visitas dos nossos fiscais\u00a0o\u00a0a fim de acompanharmos de perto o andamento dos servi\u00e7os e garantirmos uma fiscaliza\u00e7\u00e3o efetiva&#8221;, destaca Jos\u00e9 Em\u00eddio.<\/p>\n<p>As obras est\u00e3o sendo executadas pela empresa For\u00e7a E\u00f3lica do Brasil, com o apoio do Sistema Federa\u00e7\u00e3o das Ind\u00fastrias do Estado da Para\u00edba (FIEP) atrav\u00e9s do Departamento Regional do SENAI da Para\u00edba em Rede Nacional com o Departamento Regional do SENAI da Bahia.<\/p>\n<p>A implanta\u00e7\u00e3o dos Parques E\u00f3licos de Canoas, Lagoa 1 e Lagoa 2 est\u00e1 prevista para ser conclu\u00edda no prazo de 12 meses. O \u00a0empreendimento, segundo o SENAI PB dever\u00e1 gerar impactos positivos na regi\u00e3o, a exemplo de maior gera\u00e7\u00e3o de energia el\u00e9trica, estimulo ao desenvolvimento econ\u00f4mico local e regional, al\u00e9m de gera\u00e7\u00e3o de novos postos de emprego no Estado.<\/p>\n<p>&nbsp;<\/p>\n<p>&nbsp;<\/p>\n<p><img decoding=\"async\" class=\"wp-image-13847 alignleft\" src=\"https:\/\/creapb.org.br\/site\/wp-content\/uploads\/2017\/02\/16684647_1363698580318516_1744873464_n.jpg\" alt=\"16684647_1363698580318516_1744873464_n\" width=\"600\" height=\"338\" srcset=\"https:\/\/creapb.org.br\/site\/wp-content\/uploads\/2017\/02\/16684647_1363698580318516_1744873464_n.jpg 960w, https:\/\/creapb.org.br\/site\/wp-content\/uploads\/2017\/02\/16684647_1363698580318516_1744873464_n-300x169.jpg 300w, https:\/\/creapb.org.br\/site\/wp-content\/uploads\/2017\/02\/16684647_1363698580318516_1744873464_n-768x432.jpg 768w\" sizes=\"(max-width: 600px) 100vw, 600px\" \/><\/p>\n<p><img decoding=\"async\" class=\"wp-image-13855 alignleft\" src=\"https:\/\/creapb.org.br\/site\/wp-content\/uploads\/2017\/02\/16650987_1363698503651857_1000984723_o-1024x576.jpg\" alt=\"16650987_1363698503651857_1000984723_o\" width=\"600\" height=\"338\" srcset=\"https:\/\/creapb.org.br\/site\/wp-content\/uploads\/2017\/02\/16650987_1363698503651857_1000984723_o-1024x576.jpg 1024w, https:\/\/creapb.org.br\/site\/wp-content\/uploads\/2017\/02\/16650987_1363698503651857_1000984723_o-300x169.jpg 300w, https:\/\/creapb.org.br\/site\/wp-content\/uploads\/2017\/02\/16650987_1363698503651857_1000984723_o-768x432.jpg 768w, https:\/\/creapb.org.br\/site\/wp-content\/uploads\/2017\/02\/16650987_1363698503651857_1000984723_o.jpg 2048w\" sizes=\"(max-width: 600px) 100vw, 600px\" \/><\/p>\n<p>&nbsp;<\/p>\n<p>&nbsp;<\/p>\n<p>&nbsp;<\/p>\n<p>&nbsp;<\/p>\n<p>&nbsp;<\/p>\n<p>&nbsp;<\/p>\n<p>&nbsp;<\/p>\n<p>&nbsp;<\/p>\n<p>&nbsp;<\/p>\n<p>&nbsp;<\/p>\n<p>&nbsp;<\/p>\n<p>&nbsp;<\/p>\n<p>&nbsp;<\/p>\n<p>&nbsp;<\/p>\n<p>&nbsp;<\/p>\n<p>&nbsp;<\/p>\n<p>&nbsp;<\/p>\n<p>&nbsp;<\/p>\n<p>&nbsp;<\/p>\n<p><em>Fotos: Fiscaliza\u00e7\u00e3o Crea-PB<\/em><\/p>\n<p>&nbsp;<\/p>\n<p>&nbsp;<\/p>\n","protected":false},"excerpt":{"rendered":"<p>&nbsp; Na \u00faltima semana, a fiscaliza\u00e7\u00e3o do Crea-PB em Patos vistoriou o canteiro de obras de dois\u00a0parques e\u00f3licos que est\u00e3o sendo instalados no interior do estado. As obras fazem parte de um complexo composto por tr\u00eas Parques E\u00f3licos na Para\u00edba, nos munic\u00edpios de Santa Luzia, S\u00e3o Jos\u00e9 de Sabugi e Junco do Serid\u00f3, denominados Canoas, Lagoa 1 e Lagoa 2, com um total de 15 aerogeradores, 45 torres de gera\u00e7\u00e3o de energia e pot\u00eancia instalada total de 94,5 MW. De acordo com os fiscais Pedro Ferreira e Jos\u00e9 Em\u00eddio, a obra est\u00e1\u00a0em fase inicial e as empresas respons\u00e1veis est\u00e3o dando [&hellip;]<\/p>\n","protected":false},"author":2,"featured_media":13848,"comment_status":"open","ping_status":"open","sticky":false,"template":"","format":"standard","meta":{"_acf_changed":false,"footnotes":""},"categories":[9],"tags":[],"class_list":["post-13846","post","type-post","status-publish","format-standard","has-post-thumbnail","hentry","category-noticias"],"acf":[],"_links":{"self":[{"href":"https:\/\/creapb.org.br\/site\/wp-json\/wp\/v2\/posts\/13846","targetHints":{"allow":["GET"]}}],"collection":[{"href":"https:\/\/creapb.org.br\/site\/wp-json\/wp\/v2\/posts"}],"about":[{"href":"https:\/\/creapb.org.br\/site\/wp-json\/wp\/v2\/types\/post"}],"author":[{"embeddable":true,"href":"https:\/\/creapb.org.br\/site\/wp-json\/wp\/v2\/users\/2"}],"replies":[{"embeddable":true,"href":"https:\/\/creapb.org.br\/site\/wp-json\/wp\/v2\/comments?post=13846"}],"version-history":[{"count":11,"href":"https:\/\/creapb.org.br\/site\/wp-json\/wp\/v2\/posts\/13846\/revisions"}],"predecessor-version":[{"id":13862,"href":"https:\/\/creapb.org.br\/site\/wp-json\/wp\/v2\/posts\/13846\/revisions\/13862"}],"wp:featuredmedia":[{"embeddable":true,"href":"https:\/\/creapb.org.br\/site\/wp-json\/wp\/v2\/media\/13848"}],"wp:attachment":[{"href":"https:\/\/creapb.org.br\/site\/wp-json\/wp\/v2\/media?parent=13846"}],"wp:term":[{"taxonomy":"category","embeddable":true,"href":"https:\/\/creapb.org.br\/site\/wp-json\/wp\/v2\/categories?post=13846"},{"taxonomy":"post_tag","embeddable":true,"href":"https:\/\/creapb.org.br\/site\/wp-json\/wp\/v2\/tags?post=13846"}],"curies":[{"name":"wp","href":"https:\/\/api.w.org\/{rel}","templated":true}]}}